{"id":30632,"date":"2022-07-06T13:36:49","date_gmt":"2022-07-06T11:36:49","guid":{"rendered":"https:\/\/visit.santcugat.cat\/tarifs-et-horaires-fgc-sant-cugat-del-valles-est-zone-1\/"},"modified":"2026-04-22T13:21:17","modified_gmt":"2026-04-22T11:21:17","slug":"tarifs-et-horaires-fgc-sant-cugat-del-valles-est-zone-1","status":"publish","type":"post","link":"https:\/\/visit.santcugat.cat\/fr\/tarifs-et-horaires-fgc-sant-cugat-del-valles-est-zone-1\/","title":{"rendered":"Tarifs et horaires FGC. Sant Cugat del Vall\u00e8s est Zone 1"},"content":{"rendered":"<div id=\"ez-toc-container\" class=\"ez-toc-v2_0_80 counter-hierarchy ez-toc-counter ez-toc-grey ez-toc-container-direction\">\n<div class=\"ez-toc-title-container\">\n<p class=\"ez-toc-title\" style=\"cursor:inherit\"><\/p>\n<span class=\"ez-toc-title-toggle\"><a href=\"#\" class=\"ez-toc-pull-right ez-toc-btn ez-toc-btn-xs ez-toc-btn-default ez-toc-toggle\" aria-label=\"Toggle Table of Content\"><span class=\"ez-toc-js-icon-con\"><span class=\"\"><span class=\"eztoc-hide\" style=\"display:none;\">Toggle<\/span><span class=\"ez-toc-icon-toggle-span\"><svg style=\"fill: #999;color:#999\" xmlns=\"http:\/\/www.w3.org\/2000\/svg\" class=\"list-377408\" width=\"20px\" height=\"20px\" viewBox=\"0 0 24 24\" fill=\"none\"><path d=\"M6 6H4v2h2V6zm14 0H8v2h12V6zM4 11h2v2H4v-2zm16 0H8v2h12v-2zM4 16h2v2H4v-2zm16 0H8v2h12v-2z\" fill=\"currentColor\"><\/path><\/svg><svg style=\"fill: #999;color:#999\" class=\"arrow-unsorted-368013\" xmlns=\"http:\/\/www.w3.org\/2000\/svg\" width=\"10px\" height=\"10px\" viewBox=\"0 0 24 24\" version=\"1.2\" baseProfile=\"tiny\"><path d=\"M18.2 9.3l-6.2-6.3-6.2 6.3c-.2.2-.3.4-.3.7s.1.5.3.7c.2.2.4.3.7.3h11c.3 0 .5-.1.7-.3.2-.2.3-.5.3-.7s-.1-.5-.3-.7zM5.8 14.7l6.2 6.3 6.2-6.3c.2-.2.3-.5.3-.7s-.1-.5-.3-.7c-.2-.2-.4-.3-.7-.3h-11c-.3 0-.5.1-.7.3-.2.2-.3.5-.3.7s.1.5.3.7z\"\/><\/svg><\/span><\/span><\/span><\/a><\/span><\/div>\n<nav><ul class='ez-toc-list ez-toc-list-level-1 ' ><li class='ez-toc-page-1 ez-toc-heading-level-2'><a class=\"ez-toc-link ez-toc-heading-1\" href=\"https:\/\/visit.santcugat.cat\/fr\/tarifs-et-horaires-fgc-sant-cugat-del-valles-est-zone-1\/#Sant_Cugat_est_la_zone_1_le_meme_tarif_que_se_deplacer_sur_Barcelona_en_metro\" >Sant Cugat est la zone 1, le m\u00eame tarif que se d\u00e9placer sur Barcelona en m\u00e9tro<\/a><ul class='ez-toc-list-level-3' ><li class='ez-toc-heading-level-3'><a class=\"ez-toc-link ez-toc-heading-2\" href=\"https:\/\/visit.santcugat.cat\/fr\/tarifs-et-horaires-fgc-sant-cugat-del-valles-est-zone-1\/#Trace_de_la_ligne_Barcelona_%E2%80%93_Valles\" >Trac\u00e9 de la ligne Barcelona &#8211; Vall\u00e8s<\/a><\/li><\/ul><\/li><li class='ez-toc-page-1 ez-toc-heading-level-2'><a class=\"ez-toc-link ez-toc-heading-3\" href=\"https:\/\/visit.santcugat.cat\/fr\/tarifs-et-horaires-fgc-sant-cugat-del-valles-est-zone-1\/#Tarifs_et_horaires_FGC_lignes_S1_S2_S5_S6_et_S7\" >Tarifs et horaires FGC lignes S1, S2, S5, S6 et S7<\/a><\/li><li class='ez-toc-page-1 ez-toc-heading-level-2'><a class=\"ez-toc-link ez-toc-heading-4\" href=\"https:\/\/visit.santcugat.cat\/fr\/tarifs-et-horaires-fgc-sant-cugat-del-valles-est-zone-1\/#Puis-je_faire_du_velo_dans_les_wagons_FGC\" >Puis-je faire du v\u00e9lo dans les wagons FGC\u00a0?<\/a><\/li><li class='ez-toc-page-1 ez-toc-heading-level-2'><a class=\"ez-toc-link ez-toc-heading-5\" href=\"https:\/\/visit.santcugat.cat\/fr\/tarifs-et-horaires-fgc-sant-cugat-del-valles-est-zone-1\/#Puis-je_amener_des_animaux_de_compagnie_dans_le_train\" >Puis-je amener des animaux de compagnie dans le train ?<\/a><ul class='ez-toc-list-level-3' ><li class='ez-toc-heading-level-3'><a class=\"ez-toc-link ez-toc-heading-6\" href=\"https:\/\/visit.santcugat.cat\/fr\/tarifs-et-horaires-fgc-sant-cugat-del-valles-est-zone-1\/#TOUTES_LES_INFORMATIONS_MISES_A_JOUR_SUR_LE_SITE_WEB_FGC\" >TOUTES LES INFORMATIONS MISES \u00c0 JOUR SUR LE SITE WEB FGC<\/a><\/li><\/ul><\/li><\/ul><\/nav><\/div>\n<h2><span class=\"ez-toc-section\" id=\"Sant_Cugat_est_la_zone_1_le_meme_tarif_que_se_deplacer_sur_Barcelona_en_metro\"><\/span>Sant Cugat est la zone 1, le m\u00eame tarif que se d\u00e9placer sur Barcelona en m\u00e9tro<span class=\"ez-toc-section-end\"><\/span><\/h2>\n<h3><span class=\"ez-toc-section\" id=\"Trace_de_la_ligne_Barcelona_%E2%80%93_Valles\"><\/span>Trac\u00e9 de la ligne Barcelona &#8211; Vall\u00e8s<span class=\"ez-toc-section-end\"><\/span><\/h3>\n<p>Dans l&#8217;image, vous pouvez voir la ligne Barcelona-Vall\u00e8s. Depuis Barcelona, toutes les lignes S s&#8217;arr\u00eatent \u00e0 la gare de Sant Cugat, si vous venez visiter le Monast\u00e8re de Sant Cugat, c&#8217;est votre arr\u00eat. Si, par contre, vous voulez vous rendre au Mercantic, il faut descendre \u00e0 Volpelleres, o\u00f9 n&#8217;arrivent que les lignes S2 et S6.<\/p>\n<p><img decoding=\"async\" class=\"aligncenter wp-image-21209\" src=\"https:\/\/visit.santcugat.cat\/wp-content\/uploads\/2020\/04\/LINEA-VALLES-scaled.jpg\" alt=\"Mapa de la l\u00ednia Barcelona \u2013 Vall\u00e8s\" width=\"1085\" height=\"203\" srcset=\"https:\/\/visit.santcugat.cat\/wp-content\/uploads\/2020\/04\/LINEA-VALLES-scaled-200x37.jpg 200w, https:\/\/visit.santcugat.cat\/wp-content\/uploads\/2020\/04\/LINEA-VALLES-scaled-300x56.jpg 300w, https:\/\/visit.santcugat.cat\/wp-content\/uploads\/2020\/04\/LINEA-VALLES-scaled-400x75.jpg 400w, https:\/\/visit.santcugat.cat\/wp-content\/uploads\/2020\/04\/LINEA-VALLES-scaled-500x94.jpg 500w, https:\/\/visit.santcugat.cat\/wp-content\/uploads\/2020\/04\/LINEA-VALLES-scaled-600x112.jpg 600w, https:\/\/visit.santcugat.cat\/wp-content\/uploads\/2020\/04\/LINEA-VALLES-scaled-700x131.jpg 700w, https:\/\/visit.santcugat.cat\/wp-content\/uploads\/2020\/04\/LINEA-VALLES-scaled-768x144.jpg 768w, https:\/\/visit.santcugat.cat\/wp-content\/uploads\/2020\/04\/LINEA-VALLES-scaled-800x150.jpg 800w, https:\/\/visit.santcugat.cat\/wp-content\/uploads\/2020\/04\/LINEA-VALLES-scaled-1024x192.jpg 1024w, https:\/\/visit.santcugat.cat\/wp-content\/uploads\/2020\/04\/LINEA-VALLES-scaled-1200x225.jpg 1200w, https:\/\/visit.santcugat.cat\/wp-content\/uploads\/2020\/04\/LINEA-VALLES-scaled-1536x287.jpg 1536w, https:\/\/visit.santcugat.cat\/wp-content\/uploads\/2020\/04\/LINEA-VALLES-scaled.jpg 2560w\" sizes=\"(max-width: 1085px) 100vw, 1085px\" \/><\/p>\n<h2><span class=\"ez-toc-section\" id=\"Tarifs_et_horaires_FGC_lignes_S1_S2_S5_S6_et_S7\"><\/span>Tarifs et horaires FGC lignes S1, S2, S5, S6 et S7<span class=\"ez-toc-section-end\"><\/span><\/h2>\n<p>Pour tout avoir sous la main, voici les horaires des diff\u00e9rentes lignes FGC, que vous veniez de Barcelona ou Sabadell, Rub\u00ed, Universitat Aut\u00f2noma ou Terrassa. Comme vous pouvez le deviner, les fr\u00e9quences depuis Barcelona sont tr\u00e8s \u00e9lev\u00e9es, toutes les 5 minutes un train passe qui vous laisse \u00e0 Sant Cugat en 15 ou 20 minutes, selon la gare o\u00f9 vous le prenez.<\/p>\n<p><img decoding=\"async\" class=\"vc_single_image-img attachment-full\" src=\"https:\/\/www.fgc.cat\/wp-content\/uploads\/2017\/07\/S1_ICON.png\" alt=\"S1 icona\" width=\"79\" height=\"39\" \/>Barcelona-Pl. Catalunya Terrassa\u00a0 \u00a0 <img decoding=\"async\" class=\"vc_single_image-img attachment-full\" src=\"https:\/\/www.fgc.cat\/wp-content\/uploads\/2017\/07\/S5_ICON.png\" alt=\"S5 icona\" width=\"79\" height=\"39\" \/>Barcelona-Pl. Catalunya Sant Cugat\u00a0 \u00a0 \u00a0<img decoding=\"async\" class=\"vc_single_image-img attachment-full\" src=\"https:\/\/www.fgc.cat\/wp-content\/uploads\/2017\/07\/S7_ICON.png\" alt=\"S7 icona\" width=\"79\" height=\"39\" \/>Barcelona-Pl. Catalunya Rub\u00ed<\/p>\n<p><a href=\"https:\/\/visit.santcugat.cat\/wp-content\/uploads\/2022\/05\/Descarregat-els-horaris-de-S1-S5-i-S7.pdf\">T\u00e9l\u00e9chargez les horaires des S1, S5 et S7<\/a><\/p>\n<p><img decoding=\"async\" class=\"vc_single_image-img attachment-full\" src=\"https:\/\/www.fgc.cat\/wp-content\/uploads\/2017\/07\/S2_ICON.png\" alt=\"S2 icona\" width=\"79\" height=\"39\" \/>Barcelona-Pl. Catalunya Sabadell\u00a0 \u00a0 \u00a0<img decoding=\"async\" class=\"vc_single_image-img attachment-full\" src=\"https:\/\/www.fgc.cat\/wp-content\/uploads\/2017\/07\/S6_ICON.png\" alt=\"S6 icona\" width=\"79\" height=\"39\" \/>Barcelona-Pl. Catalunya U. Aut\u00f2noma<\/p>\n<p><a href=\"https:\/\/visit.santcugat.cat\/wp-content\/uploads\/2022\/05\/Descarregat-els-horaris-de-S2-i-S6.pdf\">T\u00e9l\u00e9chargez les horaires des S2 et S6<\/a><\/p>\n<p>Le billet de transport int\u00e9gr\u00e9 que nous vous recommandons d&#8217;utiliser pour vos visites \u00e0 Sant Cugat est le T-Casual (11,35 \u20ac), c&#8217;est un billet pour une personne avec droit de transfert qui a 10 trajets int\u00e9gr\u00e9s dans tous les moyens de transport. Non valable pour les stations de m\u00e9tro Aeroport T1 et Aeroport T2 sur la ligne 9 sud. Vous pouvez consulter les prix toujours actualis\u00e9s sur l&#8217;<a href=\"https:\/\/www.atm.cat\/sistema-tarifari-integrat\/titols-i-tarifes\/titols-i-preus\" target=\"_blank\" rel=\"nofollow\">ATM<\/a>. Pour les prix actualis\u00e9s des billets simples, consultez le site web de <a href=\"https:\/\/www.fgc.cat\/bitllets\/bitllets-fgc\/\" target=\"_blank\" rel=\"nofollow\">FGC<\/a>.<\/p>\n<ul>\n<li>Aller simple : 2,40 \u20ac<\/li>\n<li>2 trajets en 1 : 4,80 \u20ac<\/li>\n<li>4 trajets en 1 : 9,60 \u20ac<\/li>\n<\/ul>\n<h2><span class=\"ez-toc-section\" id=\"Puis-je_faire_du_velo_dans_les_wagons_FGC\"><\/span>Puis-je faire du v\u00e9lo dans les wagons FGC\u00a0?<span class=\"ez-toc-section-end\"><\/span><\/h2>\n<p>Pour les cyclistes et ceux qui aiment faire du v\u00e9lo, rappelez-vous que vous pouvez prendre votre v\u00e9lo dans le train gratuitement tous les jours. Il vous suffit de tenir compte de l&#8217;occupation des trains, car le personnel autoris\u00e9 peut faire varier ces conditions.<\/p>\n<h2><span class=\"ez-toc-section\" id=\"Puis-je_amener_des_animaux_de_compagnie_dans_le_train\"><\/span>Puis-je amener des animaux de compagnie dans le train ?<span class=\"ez-toc-section-end\"><\/span><\/h2>\n<p>Les animaux sont admis gratuitement. Les chiens doivent \u00eatre attach\u00e9s et musel\u00e9s, et les petits animaux doivent voyager dans des cages ou des paniers. Ils ne peuvent pas occuper de si\u00e8ge.<\/p>\n<h3><span class=\"ez-toc-section\" id=\"TOUTES_LES_INFORMATIONS_MISES_A_JOUR_SUR_LE_SITE_WEB_FGC\"><\/span>TOUTES LES INFORMATIONS MISES \u00c0 JOUR SUR LE SITE WEB FGC<span class=\"ez-toc-section-end\"><\/span><\/h3>\n<p>Nous vous laissons le lien vers le site <a href=\"https:\/\/www.fgc.cat\/\" target=\"_blank\" rel=\"nofollow\">FGC<\/a> pour toutes les informations mises \u00e0 jour.<\/p>\n","protected":false},"excerpt":{"rendered":"<p>Sant Cugat est la zone 1, le m\u00eame tarif que se d\u00e9placer sur Barcelona en m\u00e9tro Trac\u00e9 de la ligne Barcelona &#8211; Vall\u00e8s Dans l&#8217;image, vous pouvez voir la ligne Barcelona-Vall\u00e8s. Depuis Barcelona, toutes les lignes S s&#8217;arr\u00eatent \u00e0 la gare de Sant Cugat, si vous venez visiter le Monast\u00e8re de Sant Cugat, c&#8217;est votre <a href=\"https:\/\/visit.santcugat.cat\/fr\/tarifs-et-horaires-fgc-sant-cugat-del-valles-est-zone-1\/\"> [&#8230;]<\/a><\/p>\n","protected":false},"author":2,"featured_media":49214,"comment_status":"open","ping_status":"open","sticky":false,"template":"","format":"standard","meta":{"_joinchat":[],"footnotes":""},"categories":[480,219,216,218],"tags":[],"class_list":["post-30632","post","type-post","status-publish","format-standard","has-post-thumbnail","hentry","category-blog-fr","category-en-famille-fr","category-non-classifiee","category-per-tous-fr"],"yoast_head":"<!-- This site is optimized with the Yoast SEO plugin v27.4 - https:\/\/yoast.com\/product\/yoast-seo-wordpress\/ -->\n<title>Prix \u200b\u200bet horaires FGC \u00e0 Sant Cugat del Vall\u00e8s, Zone 1<\/title>\n<meta name=\"description\" content=\"\u25b7 Ici vous pouvez consulter les \u2714\ufe0fprix et horaires du FGC\u2714\ufe0f de Barcelona Vall\u00e8s, la ligne Sant Cugat. T\u00e9l\u00e9chargez les plans des lignes S.\" \/>\n<meta name=\"robots\" content=\"index, follow, max-snippet:-1, max-image-preview:large, max-video-preview:-1\" \/>\n<link rel=\"canonical\" href=\"https:\/\/visit.santcugat.cat\/fr\/tarifs-et-horaires-fgc-sant-cugat-del-valles-est-zone-1\/\" \/>\n<meta property=\"og:locale\" content=\"fr_FR\" \/>\n<meta property=\"og:type\" content=\"article\" \/>\n<meta property=\"og:title\" content=\"Prix \u200b\u200bet horaires FGC \u00e0 Sant Cugat del Vall\u00e8s, Zone 1\" \/>\n<meta property=\"og:description\" content=\"\u25b7 Ici vous pouvez consulter les \u2714\ufe0fprix et horaires du FGC\u2714\ufe0f de Barcelona Vall\u00e8s, la ligne Sant Cugat. T\u00e9l\u00e9chargez les plans des lignes S.\" \/>\n<meta property=\"og:url\" content=\"https:\/\/visit.santcugat.cat\/fr\/tarifs-et-horaires-fgc-sant-cugat-del-valles-est-zone-1\/\" \/>\n<meta property=\"og:site_name\" content=\"Visit Sant Cugat\" \/>\n<meta property=\"article:publisher\" content=\"https:\/\/www.facebook.com\/visitsantcugat\/\" \/>\n<meta property=\"article:published_time\" content=\"2022-07-06T11:36:49+00:00\" \/>\n<meta property=\"article:modified_time\" content=\"2026-04-22T11:21:17+00:00\" \/>\n<meta property=\"og:image\" content=\"https:\/\/visit.santcugat.cat\/wp-content\/uploads\/2026\/04\/fgc-sant-cugat-precios-horarios-e1590147247936_FRA.jpg\" \/>\n\t<meta property=\"og:image:width\" content=\"800\" \/>\n\t<meta property=\"og:image:height\" content=\"424\" \/>\n\t<meta property=\"og:image:type\" content=\"image\/jpeg\" \/>\n<meta name=\"author\" content=\"Visit Sant Cugat\" \/>\n<meta name=\"twitter:card\" content=\"summary_large_image\" \/>\n<meta name=\"twitter:creator\" content=\"@ajsantcugat\" \/>\n<meta name=\"twitter:site\" content=\"@ajsantcugat\" \/>\n<meta name=\"twitter:label1\" content=\"\u00c9crit par\" \/>\n\t<meta name=\"twitter:data1\" content=\"Visit Sant Cugat\" \/>\n\t<meta name=\"twitter:label2\" content=\"Dur\u00e9e de lecture estim\u00e9e\" \/>\n\t<meta name=\"twitter:data2\" content=\"4 minutes\" \/>\n<script type=\"application\/ld+json\" class=\"yoast-schema-graph\">{\"@context\":\"https:\\\/\\\/schema.org\",\"@graph\":[{\"@type\":\"Article\",\"@id\":\"https:\\\/\\\/visit.santcugat.cat\\\/fr\\\/tarifs-et-horaires-fgc-sant-cugat-del-valles-est-zone-1\\\/#article\",\"isPartOf\":{\"@id\":\"https:\\\/\\\/visit.santcugat.cat\\\/fr\\\/tarifs-et-horaires-fgc-sant-cugat-del-valles-est-zone-1\\\/\"},\"author\":{\"name\":\"Visit Sant Cugat\",\"@id\":\"https:\\\/\\\/visit.santcugat.cat\\\/fr\\\/#\\\/schema\\\/person\\\/8a8e4aed4243b83ef2e2de63dafd42b2\"},\"headline\":\"Tarifs et horaires FGC. Sant Cugat del Vall\u00e8s est Zone 1\",\"datePublished\":\"2022-07-06T11:36:49+00:00\",\"dateModified\":\"2026-04-22T11:21:17+00:00\",\"mainEntityOfPage\":{\"@id\":\"https:\\\/\\\/visit.santcugat.cat\\\/fr\\\/tarifs-et-horaires-fgc-sant-cugat-del-valles-est-zone-1\\\/\"},\"wordCount\":423,\"commentCount\":0,\"publisher\":{\"@id\":\"https:\\\/\\\/visit.santcugat.cat\\\/fr\\\/#organization\"},\"image\":{\"@id\":\"https:\\\/\\\/visit.santcugat.cat\\\/fr\\\/tarifs-et-horaires-fgc-sant-cugat-del-valles-est-zone-1\\\/#primaryimage\"},\"thumbnailUrl\":\"https:\\\/\\\/visit.santcugat.cat\\\/wp-content\\\/uploads\\\/2026\\\/04\\\/fgc-sant-cugat-precios-horarios-e1590147247936_FRA.jpg\",\"articleSection\":[\"Blog\",\"En famille\",\"General\",\"Pour tous\"],\"inLanguage\":\"fr-FR\",\"potentialAction\":[{\"@type\":\"CommentAction\",\"name\":\"Comment\",\"target\":[\"https:\\\/\\\/visit.santcugat.cat\\\/fr\\\/tarifs-et-horaires-fgc-sant-cugat-del-valles-est-zone-1\\\/#respond\"]}]},{\"@type\":\"WebPage\",\"@id\":\"https:\\\/\\\/visit.santcugat.cat\\\/fr\\\/tarifs-et-horaires-fgc-sant-cugat-del-valles-est-zone-1\\\/\",\"url\":\"https:\\\/\\\/visit.santcugat.cat\\\/fr\\\/tarifs-et-horaires-fgc-sant-cugat-del-valles-est-zone-1\\\/\",\"name\":\"Prix \u200b\u200bet horaires FGC \u00e0 Sant Cugat del Vall\u00e8s, Zone 1\",\"isPartOf\":{\"@id\":\"https:\\\/\\\/visit.santcugat.cat\\\/fr\\\/#website\"},\"primaryImageOfPage\":{\"@id\":\"https:\\\/\\\/visit.santcugat.cat\\\/fr\\\/tarifs-et-horaires-fgc-sant-cugat-del-valles-est-zone-1\\\/#primaryimage\"},\"image\":{\"@id\":\"https:\\\/\\\/visit.santcugat.cat\\\/fr\\\/tarifs-et-horaires-fgc-sant-cugat-del-valles-est-zone-1\\\/#primaryimage\"},\"thumbnailUrl\":\"https:\\\/\\\/visit.santcugat.cat\\\/wp-content\\\/uploads\\\/2026\\\/04\\\/fgc-sant-cugat-precios-horarios-e1590147247936_FRA.jpg\",\"datePublished\":\"2022-07-06T11:36:49+00:00\",\"dateModified\":\"2026-04-22T11:21:17+00:00\",\"description\":\"\u25b7 Ici vous pouvez consulter les \u2714\ufe0fprix et horaires du FGC\u2714\ufe0f de Barcelona Vall\u00e8s, la ligne Sant Cugat. T\u00e9l\u00e9chargez les plans des lignes S.\",\"breadcrumb\":{\"@id\":\"https:\\\/\\\/visit.santcugat.cat\\\/fr\\\/tarifs-et-horaires-fgc-sant-cugat-del-valles-est-zone-1\\\/#breadcrumb\"},\"inLanguage\":\"fr-FR\",\"potentialAction\":[{\"@type\":\"ReadAction\",\"target\":[\"https:\\\/\\\/visit.santcugat.cat\\\/fr\\\/tarifs-et-horaires-fgc-sant-cugat-del-valles-est-zone-1\\\/\"]}]},{\"@type\":\"ImageObject\",\"inLanguage\":\"fr-FR\",\"@id\":\"https:\\\/\\\/visit.santcugat.cat\\\/fr\\\/tarifs-et-horaires-fgc-sant-cugat-del-valles-est-zone-1\\\/#primaryimage\",\"url\":\"https:\\\/\\\/visit.santcugat.cat\\\/wp-content\\\/uploads\\\/2026\\\/04\\\/fgc-sant-cugat-precios-horarios-e1590147247936_FRA.jpg\",\"contentUrl\":\"https:\\\/\\\/visit.santcugat.cat\\\/wp-content\\\/uploads\\\/2026\\\/04\\\/fgc-sant-cugat-precios-horarios-e1590147247936_FRA.jpg\",\"width\":800,\"height\":424,\"caption\":\"FGC Sant Cugat (chemins de fer de la Generalitat de Catalogne)\"},{\"@type\":\"BreadcrumbList\",\"@id\":\"https:\\\/\\\/visit.santcugat.cat\\\/fr\\\/tarifs-et-horaires-fgc-sant-cugat-del-valles-est-zone-1\\\/#breadcrumb\",\"itemListElement\":[{\"@type\":\"ListItem\",\"position\":1,\"name\":\"Inici\",\"item\":\"https:\\\/\\\/visit.santcugat.cat\\\/fr\\\/\"},{\"@type\":\"ListItem\",\"position\":2,\"name\":\"Tarifs et horaires FGC. Sant Cugat del Vall\u00e8s est Zone 1\"}]},{\"@type\":\"WebSite\",\"@id\":\"https:\\\/\\\/visit.santcugat.cat\\\/fr\\\/#website\",\"url\":\"https:\\\/\\\/visit.santcugat.cat\\\/fr\\\/\",\"name\":\"Visit Sant Cugat\",\"description\":\"Turisme de Sant Cugat\",\"publisher\":{\"@id\":\"https:\\\/\\\/visit.santcugat.cat\\\/fr\\\/#organization\"},\"potentialAction\":[{\"@type\":\"SearchAction\",\"target\":{\"@type\":\"EntryPoint\",\"urlTemplate\":\"https:\\\/\\\/visit.santcugat.cat\\\/fr\\\/?s={search_term_string}\"},\"query-input\":{\"@type\":\"PropertyValueSpecification\",\"valueRequired\":true,\"valueName\":\"search_term_string\"}}],\"inLanguage\":\"fr-FR\"},{\"@type\":\"Organization\",\"@id\":\"https:\\\/\\\/visit.santcugat.cat\\\/fr\\\/#organization\",\"name\":\"Visit Sant Cugat - Turisme de Sant Cugat - Barcelona\",\"url\":\"https:\\\/\\\/visit.santcugat.cat\\\/fr\\\/\",\"logo\":{\"@type\":\"ImageObject\",\"inLanguage\":\"fr-FR\",\"@id\":\"https:\\\/\\\/visit.santcugat.cat\\\/fr\\\/#\\\/schema\\\/logo\\\/image\\\/\",\"url\":\"https:\\\/\\\/visit.santcugat.cat\\\/wp-content\\\/uploads\\\/2020\\\/09\\\/logo.png\",\"contentUrl\":\"https:\\\/\\\/visit.santcugat.cat\\\/wp-content\\\/uploads\\\/2020\\\/09\\\/logo.png\",\"width\":200,\"height\":44,\"caption\":\"Visit Sant Cugat - Turisme de Sant Cugat - Barcelona\"},\"image\":{\"@id\":\"https:\\\/\\\/visit.santcugat.cat\\\/fr\\\/#\\\/schema\\\/logo\\\/image\\\/\"},\"sameAs\":[\"https:\\\/\\\/www.facebook.com\\\/visitsantcugat\\\/\",\"https:\\\/\\\/x.com\\\/ajsantcugat\",\"https:\\\/\\\/www.instagram.com\\\/visitsantcugat\\\/\",\"https:\\\/\\\/ca.wikipedia.org\\\/wiki\\\/Sant_Cugat_del_Vall\u00e8s\"]},{\"@type\":\"Person\",\"@id\":\"https:\\\/\\\/visit.santcugat.cat\\\/fr\\\/#\\\/schema\\\/person\\\/8a8e4aed4243b83ef2e2de63dafd42b2\",\"name\":\"Visit Sant Cugat\",\"image\":{\"@type\":\"ImageObject\",\"inLanguage\":\"fr-FR\",\"@id\":\"https:\\\/\\\/secure.gravatar.com\\\/avatar\\\/85a626c11e885e8c2c556107d642611e0d09a4b062070ac1baf821061821f4a3?s=96&d=mm&r=g\",\"url\":\"https:\\\/\\\/secure.gravatar.com\\\/avatar\\\/85a626c11e885e8c2c556107d642611e0d09a4b062070ac1baf821061821f4a3?s=96&d=mm&r=g\",\"contentUrl\":\"https:\\\/\\\/secure.gravatar.com\\\/avatar\\\/85a626c11e885e8c2c556107d642611e0d09a4b062070ac1baf821061821f4a3?s=96&d=mm&r=g\",\"caption\":\"Visit Sant Cugat\"}}]}<\/script>\n<!-- \/ Yoast SEO plugin. -->","yoast_head_json":{"title":"Prix \u200b\u200bet horaires FGC \u00e0 Sant Cugat del Vall\u00e8s, Zone 1","description":"\u25b7 Ici vous pouvez consulter les \u2714\ufe0fprix et horaires du FGC\u2714\ufe0f de Barcelona Vall\u00e8s, la ligne Sant Cugat. T\u00e9l\u00e9chargez les plans des lignes S.","robots":{"index":"index","follow":"follow","max-snippet":"max-snippet:-1","max-image-preview":"max-image-preview:large","max-video-preview":"max-video-preview:-1"},"canonical":"https:\/\/visit.santcugat.cat\/fr\/tarifs-et-horaires-fgc-sant-cugat-del-valles-est-zone-1\/","og_locale":"fr_FR","og_type":"article","og_title":"Prix \u200b\u200bet horaires FGC \u00e0 Sant Cugat del Vall\u00e8s, Zone 1","og_description":"\u25b7 Ici vous pouvez consulter les \u2714\ufe0fprix et horaires du FGC\u2714\ufe0f de Barcelona Vall\u00e8s, la ligne Sant Cugat. T\u00e9l\u00e9chargez les plans des lignes S.","og_url":"https:\/\/visit.santcugat.cat\/fr\/tarifs-et-horaires-fgc-sant-cugat-del-valles-est-zone-1\/","og_site_name":"Visit Sant Cugat","article_publisher":"https:\/\/www.facebook.com\/visitsantcugat\/","article_published_time":"2022-07-06T11:36:49+00:00","article_modified_time":"2026-04-22T11:21:17+00:00","og_image":[{"width":800,"height":424,"url":"https:\/\/visit.santcugat.cat\/wp-content\/uploads\/2026\/04\/fgc-sant-cugat-precios-horarios-e1590147247936_FRA.jpg","type":"image\/jpeg"}],"author":"Visit Sant Cugat","twitter_card":"summary_large_image","twitter_creator":"@ajsantcugat","twitter_site":"@ajsantcugat","twitter_misc":{"\u00c9crit par":"Visit Sant Cugat","Dur\u00e9e de lecture estim\u00e9e":"4 minutes"},"schema":{"@context":"https:\/\/schema.org","@graph":[{"@type":"Article","@id":"https:\/\/visit.santcugat.cat\/fr\/tarifs-et-horaires-fgc-sant-cugat-del-valles-est-zone-1\/#article","isPartOf":{"@id":"https:\/\/visit.santcugat.cat\/fr\/tarifs-et-horaires-fgc-sant-cugat-del-valles-est-zone-1\/"},"author":{"name":"Visit Sant Cugat","@id":"https:\/\/visit.santcugat.cat\/fr\/#\/schema\/person\/8a8e4aed4243b83ef2e2de63dafd42b2"},"headline":"Tarifs et horaires FGC. Sant Cugat del Vall\u00e8s est Zone 1","datePublished":"2022-07-06T11:36:49+00:00","dateModified":"2026-04-22T11:21:17+00:00","mainEntityOfPage":{"@id":"https:\/\/visit.santcugat.cat\/fr\/tarifs-et-horaires-fgc-sant-cugat-del-valles-est-zone-1\/"},"wordCount":423,"commentCount":0,"publisher":{"@id":"https:\/\/visit.santcugat.cat\/fr\/#organization"},"image":{"@id":"https:\/\/visit.santcugat.cat\/fr\/tarifs-et-horaires-fgc-sant-cugat-del-valles-est-zone-1\/#primaryimage"},"thumbnailUrl":"https:\/\/visit.santcugat.cat\/wp-content\/uploads\/2026\/04\/fgc-sant-cugat-precios-horarios-e1590147247936_FRA.jpg","articleSection":["Blog","En famille","General","Pour tous"],"inLanguage":"fr-FR","potentialAction":[{"@type":"CommentAction","name":"Comment","target":["https:\/\/visit.santcugat.cat\/fr\/tarifs-et-horaires-fgc-sant-cugat-del-valles-est-zone-1\/#respond"]}]},{"@type":"WebPage","@id":"https:\/\/visit.santcugat.cat\/fr\/tarifs-et-horaires-fgc-sant-cugat-del-valles-est-zone-1\/","url":"https:\/\/visit.santcugat.cat\/fr\/tarifs-et-horaires-fgc-sant-cugat-del-valles-est-zone-1\/","name":"Prix \u200b\u200bet horaires FGC \u00e0 Sant Cugat del Vall\u00e8s, Zone 1","isPartOf":{"@id":"https:\/\/visit.santcugat.cat\/fr\/#website"},"primaryImageOfPage":{"@id":"https:\/\/visit.santcugat.cat\/fr\/tarifs-et-horaires-fgc-sant-cugat-del-valles-est-zone-1\/#primaryimage"},"image":{"@id":"https:\/\/visit.santcugat.cat\/fr\/tarifs-et-horaires-fgc-sant-cugat-del-valles-est-zone-1\/#primaryimage"},"thumbnailUrl":"https:\/\/visit.santcugat.cat\/wp-content\/uploads\/2026\/04\/fgc-sant-cugat-precios-horarios-e1590147247936_FRA.jpg","datePublished":"2022-07-06T11:36:49+00:00","dateModified":"2026-04-22T11:21:17+00:00","description":"\u25b7 Ici vous pouvez consulter les \u2714\ufe0fprix et horaires du FGC\u2714\ufe0f de Barcelona Vall\u00e8s, la ligne Sant Cugat. T\u00e9l\u00e9chargez les plans des lignes S.","breadcrumb":{"@id":"https:\/\/visit.santcugat.cat\/fr\/tarifs-et-horaires-fgc-sant-cugat-del-valles-est-zone-1\/#breadcrumb"},"inLanguage":"fr-FR","potentialAction":[{"@type":"ReadAction","target":["https:\/\/visit.santcugat.cat\/fr\/tarifs-et-horaires-fgc-sant-cugat-del-valles-est-zone-1\/"]}]},{"@type":"ImageObject","inLanguage":"fr-FR","@id":"https:\/\/visit.santcugat.cat\/fr\/tarifs-et-horaires-fgc-sant-cugat-del-valles-est-zone-1\/#primaryimage","url":"https:\/\/visit.santcugat.cat\/wp-content\/uploads\/2026\/04\/fgc-sant-cugat-precios-horarios-e1590147247936_FRA.jpg","contentUrl":"https:\/\/visit.santcugat.cat\/wp-content\/uploads\/2026\/04\/fgc-sant-cugat-precios-horarios-e1590147247936_FRA.jpg","width":800,"height":424,"caption":"FGC Sant Cugat (chemins de fer de la Generalitat de Catalogne)"},{"@type":"BreadcrumbList","@id":"https:\/\/visit.santcugat.cat\/fr\/tarifs-et-horaires-fgc-sant-cugat-del-valles-est-zone-1\/#breadcrumb","itemListElement":[{"@type":"ListItem","position":1,"name":"Inici","item":"https:\/\/visit.santcugat.cat\/fr\/"},{"@type":"ListItem","position":2,"name":"Tarifs et horaires FGC. Sant Cugat del Vall\u00e8s est Zone 1"}]},{"@type":"WebSite","@id":"https:\/\/visit.santcugat.cat\/fr\/#website","url":"https:\/\/visit.santcugat.cat\/fr\/","name":"Visit Sant Cugat","description":"Turisme de Sant Cugat","publisher":{"@id":"https:\/\/visit.santcugat.cat\/fr\/#organization"},"potentialAction":[{"@type":"SearchAction","target":{"@type":"EntryPoint","urlTemplate":"https:\/\/visit.santcugat.cat\/fr\/?s={search_term_string}"},"query-input":{"@type":"PropertyValueSpecification","valueRequired":true,"valueName":"search_term_string"}}],"inLanguage":"fr-FR"},{"@type":"Organization","@id":"https:\/\/visit.santcugat.cat\/fr\/#organization","name":"Visit Sant Cugat - Turisme de Sant Cugat - Barcelona","url":"https:\/\/visit.santcugat.cat\/fr\/","logo":{"@type":"ImageObject","inLanguage":"fr-FR","@id":"https:\/\/visit.santcugat.cat\/fr\/#\/schema\/logo\/image\/","url":"https:\/\/visit.santcugat.cat\/wp-content\/uploads\/2020\/09\/logo.png","contentUrl":"https:\/\/visit.santcugat.cat\/wp-content\/uploads\/2020\/09\/logo.png","width":200,"height":44,"caption":"Visit Sant Cugat - Turisme de Sant Cugat - Barcelona"},"image":{"@id":"https:\/\/visit.santcugat.cat\/fr\/#\/schema\/logo\/image\/"},"sameAs":["https:\/\/www.facebook.com\/visitsantcugat\/","https:\/\/x.com\/ajsantcugat","https:\/\/www.instagram.com\/visitsantcugat\/","https:\/\/ca.wikipedia.org\/wiki\/Sant_Cugat_del_Vall\u00e8s"]},{"@type":"Person","@id":"https:\/\/visit.santcugat.cat\/fr\/#\/schema\/person\/8a8e4aed4243b83ef2e2de63dafd42b2","name":"Visit Sant Cugat","image":{"@type":"ImageObject","inLanguage":"fr-FR","@id":"https:\/\/secure.gravatar.com\/avatar\/85a626c11e885e8c2c556107d642611e0d09a4b062070ac1baf821061821f4a3?s=96&d=mm&r=g","url":"https:\/\/secure.gravatar.com\/avatar\/85a626c11e885e8c2c556107d642611e0d09a4b062070ac1baf821061821f4a3?s=96&d=mm&r=g","contentUrl":"https:\/\/secure.gravatar.com\/avatar\/85a626c11e885e8c2c556107d642611e0d09a4b062070ac1baf821061821f4a3?s=96&d=mm&r=g","caption":"Visit Sant Cugat"}}]}},"_links":{"self":[{"href":"https:\/\/visit.santcugat.cat\/fr\/wp-json\/wp\/v2\/posts\/30632","targetHints":{"allow":["GET"]}}],"collection":[{"href":"https:\/\/visit.santcugat.cat\/fr\/wp-json\/wp\/v2\/posts"}],"about":[{"href":"https:\/\/visit.santcugat.cat\/fr\/wp-json\/wp\/v2\/types\/post"}],"author":[{"embeddable":true,"href":"https:\/\/visit.santcugat.cat\/fr\/wp-json\/wp\/v2\/users\/2"}],"replies":[{"embeddable":true,"href":"https:\/\/visit.santcugat.cat\/fr\/wp-json\/wp\/v2\/comments?post=30632"}],"version-history":[{"count":6,"href":"https:\/\/visit.santcugat.cat\/fr\/wp-json\/wp\/v2\/posts\/30632\/revisions"}],"predecessor-version":[{"id":49219,"href":"https:\/\/visit.santcugat.cat\/fr\/wp-json\/wp\/v2\/posts\/30632\/revisions\/49219"}],"wp:featuredmedia":[{"embeddable":true,"href":"https:\/\/visit.santcugat.cat\/fr\/wp-json\/wp\/v2\/media\/49214"}],"wp:attachment":[{"href":"https:\/\/visit.santcugat.cat\/fr\/wp-json\/wp\/v2\/media?parent=30632"}],"wp:term":[{"taxonomy":"category","embeddable":true,"href":"https:\/\/visit.santcugat.cat\/fr\/wp-json\/wp\/v2\/categories?post=30632"},{"taxonomy":"post_tag","embeddable":true,"href":"https:\/\/visit.santcugat.cat\/fr\/wp-json\/wp\/v2\/tags?post=30632"}],"curies":[{"name":"wp","href":"https:\/\/api.w.org\/{rel}","templated":true}]}}