{"id":52445,"date":"2026-09-04T10:39:27","date_gmt":"2026-09-04T08:39:27","guid":{"rendered":"https:\/\/visit.santcugat.cat\/dia-nacional-de-cataluna-sant-cugat-2026\/"},"modified":"2026-09-04T10:39:27","modified_gmt":"2026-09-04T08:39:27","slug":"dia-nacional-de-cataluna-sant-cugat-2026","status":"publish","type":"post","link":"https:\/\/visit.santcugat.cat\/es\/dia-nacional-de-cataluna-sant-cugat-2026\/","title":{"rendered":"D\u00eda Nacional de Catalu\u00f1a Sant Cugat 2026"},"content":{"rendered":"<div id=\"ez-toc-container\" class=\"ez-toc-v2_0_87 counter-hierarchy ez-toc-counter ez-toc-grey ez-toc-container-direction\">\n<div class=\"ez-toc-title-container\">\n<p class=\"ez-toc-title\" style=\"cursor:inherit\"><\/p>\n<span class=\"ez-toc-title-toggle\"><a href=\"#\" class=\"ez-toc-pull-right ez-toc-btn ez-toc-btn-xs ez-toc-btn-default ez-toc-toggle\" aria-label=\"Alternar tabla de contenidos\"><span class=\"ez-toc-js-icon-con\"><span class=\"\"><span class=\"eztoc-hide\" style=\"display:none;\">Toggle<\/span><span class=\"ez-toc-icon-toggle-span\"><svg style=\"fill: #999;color:#999\" xmlns=\"http:\/\/www.w3.org\/2000\/svg\" class=\"list-377408\" width=\"20px\" height=\"20px\" viewBox=\"0 0 24 24\" fill=\"none\"><path d=\"M6 6H4v2h2V6zm14 0H8v2h12V6zM4 11h2v2H4v-2zm16 0H8v2h12v-2zM4 16h2v2H4v-2zm16 0H8v2h12v-2z\" fill=\"currentColor\"><\/path><\/svg><svg style=\"fill: #999;color:#999\" class=\"arrow-unsorted-368013\" xmlns=\"http:\/\/www.w3.org\/2000\/svg\" width=\"10px\" height=\"10px\" viewBox=\"0 0 24 24\" version=\"1.2\" baseProfile=\"tiny\"><path d=\"M18.2 9.3l-6.2-6.3-6.2 6.3c-.2.2-.3.4-.3.7s.1.5.3.7c.2.2.4.3.7.3h11c.3 0 .5-.1.7-.3.2-.2.3-.5.3-.7s-.1-.5-.3-.7zM5.8 14.7l6.2 6.3 6.2-6.3c.2-.2.3-.5.3-.7s-.1-.5-.3-.7c-.2-.2-.4-.3-.7-.3h-11c-.3 0-.5.1-.7.3-.2.2-.3.5-.3.7s.1.5.3.7z\"\/><\/svg><\/span><\/span><\/span><\/a><\/span><\/div>\n<nav><ul class='ez-toc-list ez-toc-list-level-1 ' ><li class='ez-toc-page-1 ez-toc-heading-level-2'><a class=\"ez-toc-link ez-toc-heading-1\" href=\"https:\/\/visit.santcugat.cat\/es\/dia-nacional-de-cataluna-sant-cugat-2026\/#Sant_Cugat_conmemora_el_Dia_Nacional_de_Cataluna_2026\" >Sant Cugat conmemora el D\u00eda Nacional de Catalu\u00f1a 2026<\/a><\/li><li class='ez-toc-page-1 ez-toc-heading-level-2'><a class=\"ez-toc-link ez-toc-heading-2\" href=\"https:\/\/visit.santcugat.cat\/es\/dia-nacional-de-cataluna-sant-cugat-2026\/#Programacion_de_actos\" >Programaci\u00f3n de actos<\/a><\/li><\/ul><\/nav><\/div>\n<h2><span class=\"ez-toc-section\" id=\"Sant_Cugat_conmemora_el_Dia_Nacional_de_Cataluna_2026\"><\/span><strong>Sant Cugat conmemora el D\u00eda Nacional de Catalu\u00f1a 2026<\/strong><span class=\"ez-toc-section-end\"><\/span><\/h2>\n<p>Cada <strong><span class=\"w6asjq_TextBase _85PZeG_Text\" data-d-component=\"text\" data-d-default-strong=\"\" data-d-inline=\"\">11 de septiembre<\/span><\/strong> , Sant Cugat del Vall\u00e8s se suma a la conmemoraci\u00f3n del <span class=\"w6asjq_TextBase _85PZeG_Text\" data-d-component=\"text\" data-d-default-strong=\"\" data-d-inline=\"\">D\u00eda Nacional de Catalu\u00f1a<\/span> con una jornada llena de actos institucionales, culturales y populares. La edici\u00f3n de este a\u00f1o, bajo el lema <strong>&#8221; <span class=\"w6asjq_TextBase _85PZeG_Text\" data-d-component=\"text\" data-d-default-strong=\"\" data-d-inline=\"\">Reconstruyendo el pa\u00eds desde 1714&#8243;<\/span><\/strong>, invita a la ciudadan\u00eda a recordar la historia de Catalu\u00f1a y a compartir una celebraci\u00f3n abierta a todo el mundo.<\/p>\n<p>Los actos tendr\u00e1n lugar entre los d\u00edas <strong>8 <span class=\"w6asjq_TextBase _85PZeG_Text\" data-d-component=\"text\" data-d-default-strong=\"\" data-d-inline=\"\">y 11 de septiembre<\/span><\/strong> en diferentes espacios emblem\u00e1ticos de la ciudad, como la plaza de la Vila, la plaza Rafael Casanova y la plaza de Octavi\u00e0.<\/p>\n<h2><span class=\"ez-toc-section\" id=\"Programacion_de_actos\"><\/span>Programaci\u00f3n de actos<span class=\"ez-toc-section-end\"><\/span><\/h2>\n<p><strong>Martes 8 de septiembre<\/strong><\/p>\n<ul>\n<li>Conferencia del periodista y escritor V\u00edctor Alexandre &#8220;Catalunya, Estado de Europa o periferia de Madrid&#8221; &#8211; 19 h, el Espacio \u00c1gora del edificio del Ayuntamiento<\/li>\n<\/ul>\n<p><strong>Jueves 10 de septiembre<\/strong><\/p>\n<ul>\n<li>Izada de bandera &#8211; 19 h, plaza de la Vila<\/li>\n<\/ul>\n<p><strong>Viernes 11 de septiembre:<\/strong><\/p>\n<ul>\n<li>Ofrendas florales de los partidos &#8211; 9 h a 10:55 h, plaza Rafael de Casanova<\/li>\n<li>Ofrenda institucional &#8211; 11 h, plaza Rafael de Casanova<\/li>\n<li>Canto de Els Segadors &#8211; 11:15 h, plaza Rafael de Casanova<\/li>\n<li>Actuaci\u00f3n del Cor Aglepta &#8211; 12 h, plaza de la Vila<\/li>\n<li>Parlamento institucional del alcalde &#8211; 12:30 h, plaza de la Vila<\/li>\n<li>Canto de Els Segadors &#8211; 11:45 h, plaza de la Vila<\/li>\n<li>Audici\u00f3n de sardanas a cargo de la copla Ciudad de Terrassa &#8211; 20 h, plaza Octavi\u00e0<\/li>\n<\/ul>\n<div class=\"Wl_3jG_Trigger\" tabindex=\"0\" role=\"button\" data-d-component=\"popover-trigger\" data-d-inline-text=\"\" aria-haspopup=\"dialog\" aria-expanded=\"false\" data-state=\"closed\">\n<div class=\"ANObbW_Badge lKEGNW_Badge\" data-color=\"secondary\" data-size=\"sm\" data-pill=\"\" data-variant=\"soft\" data-d-component=\"badge\" data-d-hoverable=\"\" data-d-weight=\"normal\">\n<div class=\"oIb9lq_Box\" data-d-align=\"center\" data-d-component=\"row\" data-d-direction=\"row\"><em>Este 11 de septiembre, \u00a1vive la Diada en Sant Cugat y participa en una jornada de memoria, cultura y tradici\u00f3n!<\/em><\/div>\n<\/div>\n<\/div>\n","protected":false},"excerpt":{"rendered":"<p>Sant Cugat conmemora el D\u00eda Nacional de Catalu\u00f1a 2026 Cada 11 de septiembre , Sant Cugat del Vall\u00e8s se suma a la conmemoraci\u00f3n del D\u00eda Nacional de Catalu\u00f1a con una jornada llena de actos institucionales, culturales y populares. La edici\u00f3n de este a\u00f1o, bajo el lema &#8221; Reconstruyendo el pa\u00eds desde 1714&#8243;, invita a la <a href=\"https:\/\/visit.santcugat.cat\/es\/dia-nacional-de-cataluna-sant-cugat-2026\/\"> [&#8230;]<\/a><\/p>\n","protected":false},"author":22,"featured_media":52444,"comment_status":"open","ping_status":"open","sticky":false,"template":"","format":"standard","meta":{"_joinchat":[],"footnotes":""},"categories":[328,213,290,9,209],"tags":[],"class_list":["post-52445","post","type-post","status-publish","format-standard","has-post-thumbnail","hentry","category-blog-es","category-cultura-y-ocio","category-eventos","category-sin-categorizar","category-para-todos"],"yoast_head":"<!-- This site is optimized with the Yoast SEO plugin v28.3 - https:\/\/yoast.com\/product\/yoast-seo-wordpress\/ -->\n<title>D\u00eda Nacional de Catalu\u00f1a Sant Cugat 2026 | Visit Sant Cugat<\/title>\n<meta name=\"description\" content=\"Sant Cugat conmemora el D\u00eda Nacional de Catalu\u00f1a 2026 &quot;Reconstruyendo el pa\u00eds de 1714&quot;. Del 8 al 11 de septiembre. Consulta la programaci\u00f3n.\" \/>\n<meta name=\"robots\" content=\"index, follow, max-snippet:-1, max-image-preview:large, max-video-preview:-1\" \/>\n<link rel=\"canonical\" href=\"https:\/\/visit.santcugat.cat\/es\/dia-nacional-de-cataluna-sant-cugat-2026\/\" \/>\n<meta property=\"og:locale\" content=\"es_ES\" \/>\n<meta property=\"og:type\" content=\"article\" \/>\n<meta property=\"og:title\" content=\"D\u00eda Nacional de Catalu\u00f1a Sant Cugat 2026 | Visit Sant Cugat\" \/>\n<meta property=\"og:description\" content=\"Sant Cugat conmemora el D\u00eda Nacional de Catalu\u00f1a 2026 &quot;Reconstruyendo el pa\u00eds de 1714&quot;. Del 8 al 11 de septiembre. Consulta la programaci\u00f3n.\" \/>\n<meta property=\"og:url\" content=\"https:\/\/visit.santcugat.cat\/es\/dia-nacional-de-cataluna-sant-cugat-2026\/\" \/>\n<meta property=\"og:site_name\" content=\"Visit Sant Cugat\" \/>\n<meta property=\"article:publisher\" content=\"https:\/\/www.facebook.com\/visitsantcugat\/\" \/>\n<meta property=\"article:published_time\" content=\"2026-09-04T08:39:27+00:00\" \/>\n<meta property=\"og:image\" content=\"https:\/\/visit.santcugat.cat\/wp-content\/uploads\/2026\/09\/Captura-de-pantalla-2026-09-04-102621-1.png\" \/>\n\t<meta property=\"og:image:width\" content=\"800\" \/>\n\t<meta property=\"og:image:height\" content=\"423\" \/>\n\t<meta property=\"og:image:type\" content=\"image\/png\" \/>\n<meta name=\"author\" content=\"NOEMA\" \/>\n<meta name=\"twitter:card\" content=\"summary_large_image\" \/>\n<meta name=\"twitter:creator\" content=\"@ajsantcugat\" \/>\n<meta name=\"twitter:site\" content=\"@ajsantcugat\" \/>\n<meta name=\"twitter:label1\" content=\"Escrito por\" \/>\n\t<meta name=\"twitter:data1\" content=\"NOEMA\" \/>\n\t<meta name=\"twitter:label2\" content=\"Tiempo de lectura\" \/>\n\t<meta name=\"twitter:data2\" content=\"1 minuto\" \/>\n<script type=\"application\/ld+json\" class=\"yoast-schema-graph\">{\"@context\":\"https:\\\/\\\/schema.org\",\"@graph\":[{\"@type\":\"Article\",\"@id\":\"https:\\\/\\\/visit.santcugat.cat\\\/es\\\/dia-nacional-de-cataluna-sant-cugat-2026\\\/#article\",\"isPartOf\":{\"@id\":\"https:\\\/\\\/visit.santcugat.cat\\\/es\\\/dia-nacional-de-cataluna-sant-cugat-2026\\\/\"},\"author\":{\"name\":\"NOEMA\",\"@id\":\"https:\\\/\\\/visit.santcugat.cat\\\/fr\\\/#\\\/schema\\\/person\\\/9bc755ac4c4e1e8d6bad548f223732e9\"},\"headline\":\"D\u00eda Nacional de Catalu\u00f1a Sant Cugat 2026\",\"datePublished\":\"2026-09-04T08:39:27+00:00\",\"mainEntityOfPage\":{\"@id\":\"https:\\\/\\\/visit.santcugat.cat\\\/es\\\/dia-nacional-de-cataluna-sant-cugat-2026\\\/\"},\"wordCount\":267,\"commentCount\":0,\"publisher\":{\"@id\":\"https:\\\/\\\/visit.santcugat.cat\\\/fr\\\/#organization\"},\"image\":{\"@id\":\"https:\\\/\\\/visit.santcugat.cat\\\/es\\\/dia-nacional-de-cataluna-sant-cugat-2026\\\/#primaryimage\"},\"thumbnailUrl\":\"https:\\\/\\\/visit.santcugat.cat\\\/wp-content\\\/uploads\\\/2026\\\/09\\\/Captura-de-pantalla-2026-09-04-102621-1.png\",\"articleSection\":[\"Blog\",\"Cultura y ocio\",\"Eventos\",\"General\",\"Para todos\"],\"inLanguage\":\"es\",\"potentialAction\":[{\"@type\":\"CommentAction\",\"name\":\"Comment\",\"target\":[\"https:\\\/\\\/visit.santcugat.cat\\\/es\\\/dia-nacional-de-cataluna-sant-cugat-2026\\\/#respond\"]}]},{\"@type\":\"WebPage\",\"@id\":\"https:\\\/\\\/visit.santcugat.cat\\\/es\\\/dia-nacional-de-cataluna-sant-cugat-2026\\\/\",\"url\":\"https:\\\/\\\/visit.santcugat.cat\\\/es\\\/dia-nacional-de-cataluna-sant-cugat-2026\\\/\",\"name\":\"D\u00eda Nacional de Catalu\u00f1a Sant Cugat 2026 | Visit Sant Cugat\",\"isPartOf\":{\"@id\":\"https:\\\/\\\/visit.santcugat.cat\\\/fr\\\/#website\"},\"primaryImageOfPage\":{\"@id\":\"https:\\\/\\\/visit.santcugat.cat\\\/es\\\/dia-nacional-de-cataluna-sant-cugat-2026\\\/#primaryimage\"},\"image\":{\"@id\":\"https:\\\/\\\/visit.santcugat.cat\\\/es\\\/dia-nacional-de-cataluna-sant-cugat-2026\\\/#primaryimage\"},\"thumbnailUrl\":\"https:\\\/\\\/visit.santcugat.cat\\\/wp-content\\\/uploads\\\/2026\\\/09\\\/Captura-de-pantalla-2026-09-04-102621-1.png\",\"datePublished\":\"2026-09-04T08:39:27+00:00\",\"description\":\"Sant Cugat conmemora el D\u00eda Nacional de Catalu\u00f1a 2026 \\\"Reconstruyendo el pa\u00eds de 1714\\\". Del 8 al 11 de septiembre. Consulta la programaci\u00f3n.\",\"breadcrumb\":{\"@id\":\"https:\\\/\\\/visit.santcugat.cat\\\/es\\\/dia-nacional-de-cataluna-sant-cugat-2026\\\/#breadcrumb\"},\"inLanguage\":\"es\",\"potentialAction\":[{\"@type\":\"ReadAction\",\"target\":[\"https:\\\/\\\/visit.santcugat.cat\\\/es\\\/dia-nacional-de-cataluna-sant-cugat-2026\\\/\"]}]},{\"@type\":\"ImageObject\",\"inLanguage\":\"es\",\"@id\":\"https:\\\/\\\/visit.santcugat.cat\\\/es\\\/dia-nacional-de-cataluna-sant-cugat-2026\\\/#primaryimage\",\"url\":\"https:\\\/\\\/visit.santcugat.cat\\\/wp-content\\\/uploads\\\/2026\\\/09\\\/Captura-de-pantalla-2026-09-04-102621-1.png\",\"contentUrl\":\"https:\\\/\\\/visit.santcugat.cat\\\/wp-content\\\/uploads\\\/2026\\\/09\\\/Captura-de-pantalla-2026-09-04-102621-1.png\",\"width\":800,\"height\":423,\"caption\":\"Cartel del 11 de septiembre\"},{\"@type\":\"BreadcrumbList\",\"@id\":\"https:\\\/\\\/visit.santcugat.cat\\\/es\\\/dia-nacional-de-cataluna-sant-cugat-2026\\\/#breadcrumb\",\"itemListElement\":[{\"@type\":\"ListItem\",\"position\":1,\"name\":\"Inici\",\"item\":\"https:\\\/\\\/visit.santcugat.cat\\\/es\\\/\"},{\"@type\":\"ListItem\",\"position\":2,\"name\":\"D\u00eda Nacional de Catalu\u00f1a Sant Cugat 2026\"}]},{\"@type\":\"WebSite\",\"@id\":\"https:\\\/\\\/visit.santcugat.cat\\\/fr\\\/#website\",\"url\":\"https:\\\/\\\/visit.santcugat.cat\\\/fr\\\/\",\"name\":\"Visit Sant Cugat\",\"description\":\"Turisme de Sant Cugat\",\"publisher\":{\"@id\":\"https:\\\/\\\/visit.santcugat.cat\\\/fr\\\/#organization\"},\"potentialAction\":[{\"@type\":\"SearchAction\",\"target\":{\"@type\":\"EntryPoint\",\"urlTemplate\":\"https:\\\/\\\/visit.santcugat.cat\\\/fr\\\/?s={search_term_string}\"},\"query-input\":{\"@type\":\"PropertyValueSpecification\",\"valueRequired\":true,\"valueName\":\"search_term_string\"}}],\"inLanguage\":\"es\"},{\"@type\":\"Organization\",\"@id\":\"https:\\\/\\\/visit.santcugat.cat\\\/fr\\\/#organization\",\"name\":\"Visit Sant Cugat - Turisme de Sant Cugat - Barcelona\",\"url\":\"https:\\\/\\\/visit.santcugat.cat\\\/fr\\\/\",\"logo\":{\"@type\":\"ImageObject\",\"inLanguage\":\"es\",\"@id\":\"https:\\\/\\\/visit.santcugat.cat\\\/fr\\\/#\\\/schema\\\/logo\\\/image\\\/\",\"url\":\"https:\\\/\\\/visit.santcugat.cat\\\/wp-content\\\/uploads\\\/2020\\\/09\\\/logo.png\",\"contentUrl\":\"https:\\\/\\\/visit.santcugat.cat\\\/wp-content\\\/uploads\\\/2020\\\/09\\\/logo.png\",\"width\":200,\"height\":44,\"caption\":\"Visit Sant Cugat - Turisme de Sant Cugat - Barcelona\"},\"image\":{\"@id\":\"https:\\\/\\\/visit.santcugat.cat\\\/fr\\\/#\\\/schema\\\/logo\\\/image\\\/\"},\"sameAs\":[\"https:\\\/\\\/www.facebook.com\\\/visitsantcugat\\\/\",\"https:\\\/\\\/x.com\\\/ajsantcugat\",\"https:\\\/\\\/www.instagram.com\\\/visitsantcugat\\\/\",\"https:\\\/\\\/ca.wikipedia.org\\\/wiki\\\/Sant_Cugat_del_Vall\u00e8s\"]},{\"@type\":\"Person\",\"@id\":\"https:\\\/\\\/visit.santcugat.cat\\\/fr\\\/#\\\/schema\\\/person\\\/9bc755ac4c4e1e8d6bad548f223732e9\",\"name\":\"NOEMA\",\"image\":{\"@type\":\"ImageObject\",\"inLanguage\":\"es\",\"@id\":\"https:\\\/\\\/secure.gravatar.com\\\/avatar\\\/d04e98288e5d25244e8abb3f3c6f03abd50716fb92399aeaae8403eb5f88bf53?s=96&d=mm&r=g\",\"url\":\"https:\\\/\\\/secure.gravatar.com\\\/avatar\\\/d04e98288e5d25244e8abb3f3c6f03abd50716fb92399aeaae8403eb5f88bf53?s=96&d=mm&r=g\",\"contentUrl\":\"https:\\\/\\\/secure.gravatar.com\\\/avatar\\\/d04e98288e5d25244e8abb3f3c6f03abd50716fb92399aeaae8403eb5f88bf53?s=96&d=mm&r=g\",\"caption\":\"NOEMA\"}}]}<\/script>\n<!-- \/ Yoast SEO plugin. -->","yoast_head_json":{"title":"D\u00eda Nacional de Catalu\u00f1a Sant Cugat 2026 | Visit Sant Cugat","description":"Sant Cugat conmemora el D\u00eda Nacional de Catalu\u00f1a 2026 \"Reconstruyendo el pa\u00eds de 1714\". Del 8 al 11 de septiembre. Consulta la programaci\u00f3n.","robots":{"index":"index","follow":"follow","max-snippet":"max-snippet:-1","max-image-preview":"max-image-preview:large","max-video-preview":"max-video-preview:-1"},"canonical":"https:\/\/visit.santcugat.cat\/es\/dia-nacional-de-cataluna-sant-cugat-2026\/","og_locale":"es_ES","og_type":"article","og_title":"D\u00eda Nacional de Catalu\u00f1a Sant Cugat 2026 | Visit Sant Cugat","og_description":"Sant Cugat conmemora el D\u00eda Nacional de Catalu\u00f1a 2026 \"Reconstruyendo el pa\u00eds de 1714\". Del 8 al 11 de septiembre. Consulta la programaci\u00f3n.","og_url":"https:\/\/visit.santcugat.cat\/es\/dia-nacional-de-cataluna-sant-cugat-2026\/","og_site_name":"Visit Sant Cugat","article_publisher":"https:\/\/www.facebook.com\/visitsantcugat\/","article_published_time":"2026-09-04T08:39:27+00:00","og_image":[{"width":800,"height":423,"url":"https:\/\/visit.santcugat.cat\/wp-content\/uploads\/2026\/09\/Captura-de-pantalla-2026-09-04-102621-1.png","type":"image\/png"}],"author":"NOEMA","twitter_card":"summary_large_image","twitter_creator":"@ajsantcugat","twitter_site":"@ajsantcugat","twitter_misc":{"Escrito por":"NOEMA","Tiempo de lectura":"1 minuto"},"schema":{"@context":"https:\/\/schema.org","@graph":[{"@type":"Article","@id":"https:\/\/visit.santcugat.cat\/es\/dia-nacional-de-cataluna-sant-cugat-2026\/#article","isPartOf":{"@id":"https:\/\/visit.santcugat.cat\/es\/dia-nacional-de-cataluna-sant-cugat-2026\/"},"author":{"name":"NOEMA","@id":"https:\/\/visit.santcugat.cat\/fr\/#\/schema\/person\/9bc755ac4c4e1e8d6bad548f223732e9"},"headline":"D\u00eda Nacional de Catalu\u00f1a Sant Cugat 2026","datePublished":"2026-09-04T08:39:27+00:00","mainEntityOfPage":{"@id":"https:\/\/visit.santcugat.cat\/es\/dia-nacional-de-cataluna-sant-cugat-2026\/"},"wordCount":267,"commentCount":0,"publisher":{"@id":"https:\/\/visit.santcugat.cat\/fr\/#organization"},"image":{"@id":"https:\/\/visit.santcugat.cat\/es\/dia-nacional-de-cataluna-sant-cugat-2026\/#primaryimage"},"thumbnailUrl":"https:\/\/visit.santcugat.cat\/wp-content\/uploads\/2026\/09\/Captura-de-pantalla-2026-09-04-102621-1.png","articleSection":["Blog","Cultura y ocio","Eventos","General","Para todos"],"inLanguage":"es","potentialAction":[{"@type":"CommentAction","name":"Comment","target":["https:\/\/visit.santcugat.cat\/es\/dia-nacional-de-cataluna-sant-cugat-2026\/#respond"]}]},{"@type":"WebPage","@id":"https:\/\/visit.santcugat.cat\/es\/dia-nacional-de-cataluna-sant-cugat-2026\/","url":"https:\/\/visit.santcugat.cat\/es\/dia-nacional-de-cataluna-sant-cugat-2026\/","name":"D\u00eda Nacional de Catalu\u00f1a Sant Cugat 2026 | Visit Sant Cugat","isPartOf":{"@id":"https:\/\/visit.santcugat.cat\/fr\/#website"},"primaryImageOfPage":{"@id":"https:\/\/visit.santcugat.cat\/es\/dia-nacional-de-cataluna-sant-cugat-2026\/#primaryimage"},"image":{"@id":"https:\/\/visit.santcugat.cat\/es\/dia-nacional-de-cataluna-sant-cugat-2026\/#primaryimage"},"thumbnailUrl":"https:\/\/visit.santcugat.cat\/wp-content\/uploads\/2026\/09\/Captura-de-pantalla-2026-09-04-102621-1.png","datePublished":"2026-09-04T08:39:27+00:00","description":"Sant Cugat conmemora el D\u00eda Nacional de Catalu\u00f1a 2026 \"Reconstruyendo el pa\u00eds de 1714\". Del 8 al 11 de septiembre. Consulta la programaci\u00f3n.","breadcrumb":{"@id":"https:\/\/visit.santcugat.cat\/es\/dia-nacional-de-cataluna-sant-cugat-2026\/#breadcrumb"},"inLanguage":"es","potentialAction":[{"@type":"ReadAction","target":["https:\/\/visit.santcugat.cat\/es\/dia-nacional-de-cataluna-sant-cugat-2026\/"]}]},{"@type":"ImageObject","inLanguage":"es","@id":"https:\/\/visit.santcugat.cat\/es\/dia-nacional-de-cataluna-sant-cugat-2026\/#primaryimage","url":"https:\/\/visit.santcugat.cat\/wp-content\/uploads\/2026\/09\/Captura-de-pantalla-2026-09-04-102621-1.png","contentUrl":"https:\/\/visit.santcugat.cat\/wp-content\/uploads\/2026\/09\/Captura-de-pantalla-2026-09-04-102621-1.png","width":800,"height":423,"caption":"Cartel del 11 de septiembre"},{"@type":"BreadcrumbList","@id":"https:\/\/visit.santcugat.cat\/es\/dia-nacional-de-cataluna-sant-cugat-2026\/#breadcrumb","itemListElement":[{"@type":"ListItem","position":1,"name":"Inici","item":"https:\/\/visit.santcugat.cat\/es\/"},{"@type":"ListItem","position":2,"name":"D\u00eda Nacional de Catalu\u00f1a Sant Cugat 2026"}]},{"@type":"WebSite","@id":"https:\/\/visit.santcugat.cat\/fr\/#website","url":"https:\/\/visit.santcugat.cat\/fr\/","name":"Visit Sant Cugat","description":"Turisme de Sant Cugat","publisher":{"@id":"https:\/\/visit.santcugat.cat\/fr\/#organization"},"potentialAction":[{"@type":"SearchAction","target":{"@type":"EntryPoint","urlTemplate":"https:\/\/visit.santcugat.cat\/fr\/?s={search_term_string}"},"query-input":{"@type":"PropertyValueSpecification","valueRequired":true,"valueName":"search_term_string"}}],"inLanguage":"es"},{"@type":"Organization","@id":"https:\/\/visit.santcugat.cat\/fr\/#organization","name":"Visit Sant Cugat - Turisme de Sant Cugat - Barcelona","url":"https:\/\/visit.santcugat.cat\/fr\/","logo":{"@type":"ImageObject","inLanguage":"es","@id":"https:\/\/visit.santcugat.cat\/fr\/#\/schema\/logo\/image\/","url":"https:\/\/visit.santcugat.cat\/wp-content\/uploads\/2020\/09\/logo.png","contentUrl":"https:\/\/visit.santcugat.cat\/wp-content\/uploads\/2020\/09\/logo.png","width":200,"height":44,"caption":"Visit Sant Cugat - Turisme de Sant Cugat - Barcelona"},"image":{"@id":"https:\/\/visit.santcugat.cat\/fr\/#\/schema\/logo\/image\/"},"sameAs":["https:\/\/www.facebook.com\/visitsantcugat\/","https:\/\/x.com\/ajsantcugat","https:\/\/www.instagram.com\/visitsantcugat\/","https:\/\/ca.wikipedia.org\/wiki\/Sant_Cugat_del_Vall\u00e8s"]},{"@type":"Person","@id":"https:\/\/visit.santcugat.cat\/fr\/#\/schema\/person\/9bc755ac4c4e1e8d6bad548f223732e9","name":"NOEMA","image":{"@type":"ImageObject","inLanguage":"es","@id":"https:\/\/secure.gravatar.com\/avatar\/d04e98288e5d25244e8abb3f3c6f03abd50716fb92399aeaae8403eb5f88bf53?s=96&d=mm&r=g","url":"https:\/\/secure.gravatar.com\/avatar\/d04e98288e5d25244e8abb3f3c6f03abd50716fb92399aeaae8403eb5f88bf53?s=96&d=mm&r=g","contentUrl":"https:\/\/secure.gravatar.com\/avatar\/d04e98288e5d25244e8abb3f3c6f03abd50716fb92399aeaae8403eb5f88bf53?s=96&d=mm&r=g","caption":"NOEMA"}}]}},"_links":{"self":[{"href":"https:\/\/visit.santcugat.cat\/es\/wp-json\/wp\/v2\/posts\/52445","targetHints":{"allow":["GET"]}}],"collection":[{"href":"https:\/\/visit.santcugat.cat\/es\/wp-json\/wp\/v2\/posts"}],"about":[{"href":"https:\/\/visit.santcugat.cat\/es\/wp-json\/wp\/v2\/types\/post"}],"author":[{"embeddable":true,"href":"https:\/\/visit.santcugat.cat\/es\/wp-json\/wp\/v2\/users\/22"}],"replies":[{"embeddable":true,"href":"https:\/\/visit.santcugat.cat\/es\/wp-json\/wp\/v2\/comments?post=52445"}],"version-history":[{"count":0,"href":"https:\/\/visit.santcugat.cat\/es\/wp-json\/wp\/v2\/posts\/52445\/revisions"}],"wp:featuredmedia":[{"embeddable":true,"href":"https:\/\/visit.santcugat.cat\/es\/wp-json\/wp\/v2\/media\/52444"}],"wp:attachment":[{"href":"https:\/\/visit.santcugat.cat\/es\/wp-json\/wp\/v2\/media?parent=52445"}],"wp:term":[{"taxonomy":"category","embeddable":true,"href":"https:\/\/visit.santcugat.cat\/es\/wp-json\/wp\/v2\/categories?post=52445"},{"taxonomy":"post_tag","embeddable":true,"href":"https:\/\/visit.santcugat.cat\/es\/wp-json\/wp\/v2\/tags?post=52445"}],"curies":[{"name":"wp","href":"https:\/\/api.w.org\/{rel}","templated":true}]}}