{"id":51984,"date":"2026-08-10T17:15:10","date_gmt":"2026-08-10T15:15:10","guid":{"rendered":"https:\/\/visit.santcugat.cat\/tasta-mando-2026\/"},"modified":"2026-09-04T12:54:45","modified_gmt":"2026-09-04T10:54:45","slug":"tasta-mando-2026","status":"publish","type":"post","link":"https:\/\/visit.santcugat.cat\/es\/tasta-mando-2026\/","title":{"rendered":"Tasta Mand\u00f3 2026"},"content":{"rendered":"<p>El <strong>domingo 6 de septiembre<\/strong> se celebrar\u00e1 la <strong>5\u00aa Feria y Mercado Agr\u00edcola de Collserola<\/strong> con motivo de la <strong>Feria del Tomate Mand\u00f3 2026.<\/strong> La feria naci\u00f3 en septiembre de 2022 y, desde el a\u00f1o pasado, ha ampliado su programaci\u00f3n con nuevas actividades que contribuyen a <strong>dar visibilidad al producto y a los productores del territorio.<\/strong><\/p>\n<p>Este domingo de <strong>10.00 a 14.30 h, la plaza de Barcelona<\/strong> volver\u00e1 a ser el epicentro de una jornada que reivindica los campesinos de Collserola, promueve el consumo de productos de proximidad y acerca a la ciudadan\u00eda al patrimonio agr\u00edcola identitario del municipio.<\/p>\n<div id=\"ez-toc-container\" class=\"ez-toc-v2_0_87 counter-hierarchy ez-toc-counter ez-toc-grey ez-toc-container-direction\">\n<div class=\"ez-toc-title-container\">\n<p class=\"ez-toc-title\" style=\"cursor:inherit\"><\/p>\n<span class=\"ez-toc-title-toggle\"><a href=\"#\" class=\"ez-toc-pull-right ez-toc-btn ez-toc-btn-xs ez-toc-btn-default ez-toc-toggle\" aria-label=\"Alternar tabla de contenidos\"><span class=\"ez-toc-js-icon-con\"><span class=\"\"><span class=\"eztoc-hide\" style=\"display:none;\">Toggle<\/span><span class=\"ez-toc-icon-toggle-span\"><svg style=\"fill: #999;color:#999\" xmlns=\"http:\/\/www.w3.org\/2000\/svg\" class=\"list-377408\" width=\"20px\" height=\"20px\" viewBox=\"0 0 24 24\" fill=\"none\"><path d=\"M6 6H4v2h2V6zm14 0H8v2h12V6zM4 11h2v2H4v-2zm16 0H8v2h12v-2zM4 16h2v2H4v-2zm16 0H8v2h12v-2z\" fill=\"currentColor\"><\/path><\/svg><svg style=\"fill: #999;color:#999\" class=\"arrow-unsorted-368013\" xmlns=\"http:\/\/www.w3.org\/2000\/svg\" width=\"10px\" height=\"10px\" viewBox=\"0 0 24 24\" version=\"1.2\" baseProfile=\"tiny\"><path d=\"M18.2 9.3l-6.2-6.3-6.2 6.3c-.2.2-.3.4-.3.7s.1.5.3.7c.2.2.4.3.7.3h11c.3 0 .5-.1.7-.3.2-.2.3-.5.3-.7s-.1-.5-.3-.7zM5.8 14.7l6.2 6.3 6.2-6.3c.2-.2.3-.5.3-.7s-.1-.5-.3-.7c-.2-.2-.4-.3-.7-.3h-11c-.3 0-.5.1-.7.3-.2.2-.3.5-.3.7s.1.5.3.7z\"\/><\/svg><\/span><\/span><\/span><\/a><\/span><\/div>\n<nav><ul class='ez-toc-list ez-toc-list-level-1 ' ><li class='ez-toc-page-1 ez-toc-heading-level-2'><a class=\"ez-toc-link ez-toc-heading-1\" href=\"https:\/\/visit.santcugat.cat\/es\/tasta-mando-2026\/#Programacion\" >Programaci\u00f3n<\/a><ul class='ez-toc-list-level-3' ><li class='ez-toc-heading-level-3'><a class=\"ez-toc-link ez-toc-heading-2\" href=\"https:\/\/visit.santcugat.cat\/es\/tasta-mando-2026\/#Los_restaurantes_tambien_se_suman_al_Tasta_Mando\" >Los restaurantes tambi\u00e9n se suman al Tasta Mand\u00f3<\/a><\/li><li class='ez-toc-page-1 ez-toc-heading-level-3'><a class=\"ez-toc-link ez-toc-heading-3\" href=\"https:\/\/visit.santcugat.cat\/es\/tasta-mando-2026\/#Un_producto_que_forma_parte_de_la_identidad_del_territorio\" >Un producto que forma parte de la identidad del territorio<\/a><\/li><li class='ez-toc-page-1 ez-toc-heading-level-3'><a class=\"ez-toc-link ez-toc-heading-4\" href=\"https:\/\/visit.santcugat.cat\/es\/tasta-mando-2026\/#Una_iniciativa_colaborativa\" >Una iniciativa colaborativa<\/a><\/li><\/ul><\/li><\/ul><\/nav><\/div>\n<h2><span class=\"ez-toc-section\" id=\"Programacion\"><\/span><strong>Programaci\u00f3n<\/strong><span class=\"ez-toc-section-end\"><\/span><\/h2>\n<p class=\"isSelectedEnd\">La jornada ofrecer\u00e1 una amplia propuesta de actividades para todos los p\u00fablicos:<\/p>\n<ul data-spread=\"false\">\n<li>Venta de productos locales.<\/li>\n<li>Degustaciones de tomate mand\u00f3n y aceites de Collserola a cargo de la Asociaci\u00f3n Collserola Pagesa.<\/li>\n<li>Taller &#8220;\u00a1La miel y las abejas son vida!&#8221;, a cargo de Melvida.<\/li>\n<li>Tradicional pisada de uva, impulsada por L&#8217;Olivera Cooperativa.<\/li>\n<li>Taller de creaciones art\u00edsticas con materiales naturales con los alumnos de la formaci\u00f3n Aterra de L&#8217;Ortiga.<\/li>\n<li>Vermut musical.<\/li>\n<li>Almuerzo popular, a cargo de La Paca \u2013 Can Bofill, con un arroz elaborado con productos de temporada de Collserola.<\/li>\n<li>Concierto de rumba catalana.<\/li>\n<\/ul>\n<h3><span class=\"ez-toc-section\" id=\"Los_restaurantes_tambien_se_suman_al_Tasta_Mando\"><\/span>Los restaurantes tambi\u00e9n se suman al Tasta Mand\u00f3<span class=\"ez-toc-section-end\"><\/span><\/h3>\n<p class=\"isSelectedEnd\">Entre los meses de julio y septiembre, <strong>cerca de una veintena de restaurantes<\/strong> de Sant Cugat, mayoritariamente asociados al Gremio de Restauraci\u00f3n, incorporar\u00e1n platos especiales elaborados con tomate mand\u00f3 en sus cartas.<\/p>\n<p class=\"isSelectedEnd\">Esta iniciativa contribuye a promocionar la gastronom\u00eda local, <strong>reforzar los v\u00ednculos entre restauraci\u00f3n y campesinado<\/strong> y difundir las cualidades de este producto emblem\u00e1tico de Collserola.<\/p>\n<h3><span class=\"ez-toc-section\" id=\"Un_producto_que_forma_parte_de_la_identidad_del_territorio\"><\/span>Un producto que forma parte de la identidad del territorio<span class=\"ez-toc-section-end\"><\/span><\/h3>\n<p class=\"isSelectedEnd\">El teniente de alcald\u00eda de Econom\u00eda Social y Solidaria, <strong>Bernat Picornell<\/strong> , destaca la importancia de seguir impulsando esta iniciativa:<\/p>\n<blockquote>\n<p class=\"isSelectedEnd\">&#8220;El tomate mand\u00f3 es mucho m\u00e1s que un producto de temporada: forma parte del patrimonio agr\u00edcola de Collserola y de la identidad de nuestro territorio. Recuperarlo y darlo a conocer es tambi\u00e9n una manera de poner en valor el trabajo del campesino y preservar una tradici\u00f3n que explica de d\u00f3nde venimos. Por eso es tan importante trabajar para ampliar y consolidar el programa Tasta Mand\u00f3 a\u00f1o tras a\u00f1o&#8221;.<\/p>\n<\/blockquote>\n<p class=\"isSelectedEnd\">Para esta temporada, se prev\u00e9 una producci\u00f3n aproximada de <strong>8 toneladas de tomate mand\u00f3<\/strong>, siempre condicionada por la evoluci\u00f3n de las condiciones meteorol\u00f3gicas y el desarrollo de la cosecha.<\/p>\n<p><img decoding=\"async\" class=\"aligncenter wp-image-51940\" src=\"https:\/\/visit.santcugat.cat\/wp-content\/uploads\/2026\/06\/Presentacio_Tasta_Mando_1.jpg\" alt=\"Cuatro personas ense\u00f1ando el cartel del Tasta Mand\u00f3 2026\" width=\"448\" height=\"336\" srcset=\"https:\/\/visit.santcugat.cat\/wp-content\/uploads\/2026\/06\/Presentacio_Tasta_Mando_1-200x150.jpg 200w, https:\/\/visit.santcugat.cat\/wp-content\/uploads\/2026\/06\/Presentacio_Tasta_Mando_1-300x225.jpg 300w, https:\/\/visit.santcugat.cat\/wp-content\/uploads\/2026\/06\/Presentacio_Tasta_Mando_1-400x300.jpg 400w, https:\/\/visit.santcugat.cat\/wp-content\/uploads\/2026\/06\/Presentacio_Tasta_Mando_1-600x450.jpg 600w, https:\/\/visit.santcugat.cat\/wp-content\/uploads\/2026\/06\/Presentacio_Tasta_Mando_1.jpg 700w\" sizes=\"(max-width: 448px) 100vw, 448px\" \/><\/p>\n<h3><span class=\"ez-toc-section\" id=\"Una_iniciativa_colaborativa\"><\/span>Una iniciativa colaborativa<span class=\"ez-toc-section-end\"><\/span><\/h3>\n<p class=\"isSelectedEnd\">El programa <strong>Tasta Mand\u00f3 2026<\/strong> es organizado por <strong>DeCollserola<\/strong> y el <strong>Ayuntamiento de Sant Cugat<\/strong>, con el apoyo de <strong>Rabassaires<\/strong>, <strong>Collserola Pagesa<\/strong>, el <strong>Parque Natural de la Sierra de Collserola<\/strong>, el <strong>\u00c1rea Metropolitana de Barcelona (AMB)<\/strong> y el <strong>Gremio de Restauraci\u00f3n de Sant Cugat del Vall\u00e8s<\/strong>.<\/p>\n<p>\u00a1No te pierdas esta oportunidad para descubrir, probar y celebrar uno de los productos m\u00e1s singulares de nuestro territorio!<\/p>\n<p><img decoding=\"async\" class=\"alignnone wp-image-51938 aligncenter\" src=\"https:\/\/visit.santcugat.cat\/wp-content\/uploads\/2026\/06\/Captura-de-pantalla-2026-06-23-112840.jpg\" alt=\"Cartel Tasta Mand\u00f3 2026 ilustraci\u00f3n de nueve tomates\" width=\"464\" height=\"607\" srcset=\"https:\/\/visit.santcugat.cat\/wp-content\/uploads\/2026\/06\/Captura-de-pantalla-2026-06-23-112840-200x262.jpg 200w, https:\/\/visit.santcugat.cat\/wp-content\/uploads\/2026\/06\/Captura-de-pantalla-2026-06-23-112840-229x300.jpg 229w, https:\/\/visit.santcugat.cat\/wp-content\/uploads\/2026\/06\/Captura-de-pantalla-2026-06-23-112840-400x523.jpg 400w, https:\/\/visit.santcugat.cat\/wp-content\/uploads\/2026\/06\/Captura-de-pantalla-2026-06-23-112840-600x785.jpg 600w, https:\/\/visit.santcugat.cat\/wp-content\/uploads\/2026\/06\/Captura-de-pantalla-2026-06-23-112840.jpg 640w\" sizes=\"(max-width: 464px) 100vw, 464px\" \/><\/p>\n<p>&nbsp;<\/p>\n","protected":false},"excerpt":{"rendered":"<p>El domingo 6 de septiembre se celebrar\u00e1 la 5\u00aa Feria y Mercado Agr\u00edcola de Collserola con motivo de la Feria del Tomate Mand\u00f3 2026. La feria naci\u00f3 en septiembre de 2022 y, desde el a\u00f1o pasado, ha ampliado su programaci\u00f3n con nuevas actividades que contribuyen a dar visibilidad al producto y a los productores del <a href=\"https:\/\/visit.santcugat.cat\/es\/tasta-mando-2026\/\"> [&#8230;]<\/a><\/p>\n","protected":false},"author":22,"featured_media":52462,"comment_status":"open","ping_status":"open","sticky":false,"template":"","format":"standard","meta":{"_joinchat":[],"footnotes":""},"categories":[328,213,212,290,9,209],"tags":[],"class_list":["post-51984","post","type-post","status-publish","format-standard","has-post-thumbnail","hentry","category-blog-es","category-cultura-y-ocio","category-en-familia-es","category-eventos","category-sin-categorizar","category-para-todos"],"yoast_head":"<!-- This site is optimized with the Yoast SEO plugin v28.4 - https:\/\/yoast.com\/product\/yoast-seo-wordpress\/ -->\n<title>Sant Cugat celebra una nueva edici\u00f3n del Tasta Mand\u00f3 2026 | Visit Sant Cugat<\/title>\n<meta name=\"description\" content=\"Sant Cugat celebra el Tasta Mand\u00f3 2026 con propuestas nuevas y actividades para disfrutar del tomate local. Consulta toda la programaci\u00f3n.\" \/>\n<meta name=\"robots\" content=\"index, follow, max-snippet:-1, max-image-preview:large, max-video-preview:-1\" \/>\n<link rel=\"canonical\" href=\"https:\/\/visit.santcugat.cat\/es\/tasta-mando-2026\/\" \/>\n<meta property=\"og:locale\" content=\"es_ES\" \/>\n<meta property=\"og:type\" content=\"article\" \/>\n<meta property=\"og:title\" content=\"Sant Cugat celebra una nueva edici\u00f3n del Tasta Mand\u00f3 2026 | Visit Sant Cugat\" \/>\n<meta property=\"og:description\" content=\"Sant Cugat celebra el Tasta Mand\u00f3 2026 con propuestas nuevas y actividades para disfrutar del tomate local. Consulta toda la programaci\u00f3n.\" \/>\n<meta property=\"og:url\" content=\"https:\/\/visit.santcugat.cat\/es\/tasta-mando-2026\/\" \/>\n<meta property=\"og:site_name\" content=\"Visit Sant Cugat\" \/>\n<meta property=\"article:publisher\" content=\"https:\/\/www.facebook.com\/visitsantcugat\/\" \/>\n<meta property=\"article:published_time\" content=\"2026-08-10T15:15:10+00:00\" \/>\n<meta property=\"article:modified_time\" content=\"2026-09-04T10:54:45+00:00\" \/>\n<meta property=\"og:image\" content=\"https:\/\/visit.santcugat.cat\/wp-content\/uploads\/2026\/08\/mando.png\" \/>\n\t<meta property=\"og:image:width\" content=\"800\" \/>\n\t<meta property=\"og:image:height\" content=\"423\" \/>\n\t<meta property=\"og:image:type\" content=\"image\/png\" \/>\n<meta name=\"author\" content=\"NOEMA\" \/>\n<meta name=\"twitter:card\" content=\"summary_large_image\" \/>\n<meta name=\"twitter:creator\" content=\"@ajsantcugat\" \/>\n<meta name=\"twitter:site\" content=\"@ajsantcugat\" \/>\n<meta name=\"twitter:label1\" content=\"Escrito por\" \/>\n\t<meta name=\"twitter:data1\" content=\"NOEMA\" \/>\n\t<meta name=\"twitter:label2\" content=\"Tiempo de lectura\" \/>\n\t<meta name=\"twitter:data2\" content=\"3 minutos\" \/>\n<script type=\"application\/ld+json\" class=\"yoast-schema-graph\">{\"@context\":\"https:\\\/\\\/schema.org\",\"@graph\":[{\"@type\":\"Article\",\"@id\":\"https:\\\/\\\/visit.santcugat.cat\\\/es\\\/tasta-mando-2026\\\/#article\",\"isPartOf\":{\"@id\":\"https:\\\/\\\/visit.santcugat.cat\\\/es\\\/tasta-mando-2026\\\/\"},\"author\":{\"name\":\"NOEMA\",\"@id\":\"https:\\\/\\\/visit.santcugat.cat\\\/fr\\\/#\\\/schema\\\/person\\\/9bc755ac4c4e1e8d6bad548f223732e9\"},\"headline\":\"Tasta Mand\u00f3 2026\",\"datePublished\":\"2026-08-10T15:15:10+00:00\",\"dateModified\":\"2026-09-04T10:54:45+00:00\",\"mainEntityOfPage\":{\"@id\":\"https:\\\/\\\/visit.santcugat.cat\\\/es\\\/tasta-mando-2026\\\/\"},\"wordCount\":481,\"commentCount\":0,\"publisher\":{\"@id\":\"https:\\\/\\\/visit.santcugat.cat\\\/fr\\\/#organization\"},\"image\":{\"@id\":\"https:\\\/\\\/visit.santcugat.cat\\\/es\\\/tasta-mando-2026\\\/#primaryimage\"},\"thumbnailUrl\":\"https:\\\/\\\/visit.santcugat.cat\\\/wp-content\\\/uploads\\\/2026\\\/08\\\/mando.png\",\"articleSection\":[\"Blog\",\"Cultura y ocio\",\"En familia\",\"Eventos\",\"General\",\"Para todos\"],\"inLanguage\":\"es\",\"potentialAction\":[{\"@type\":\"CommentAction\",\"name\":\"Comment\",\"target\":[\"https:\\\/\\\/visit.santcugat.cat\\\/es\\\/tasta-mando-2026\\\/#respond\"]}]},{\"@type\":\"WebPage\",\"@id\":\"https:\\\/\\\/visit.santcugat.cat\\\/es\\\/tasta-mando-2026\\\/\",\"url\":\"https:\\\/\\\/visit.santcugat.cat\\\/es\\\/tasta-mando-2026\\\/\",\"name\":\"Sant Cugat celebra una nueva edici\u00f3n del Tasta Mand\u00f3 2026 | Visit Sant Cugat\",\"isPartOf\":{\"@id\":\"https:\\\/\\\/visit.santcugat.cat\\\/fr\\\/#website\"},\"primaryImageOfPage\":{\"@id\":\"https:\\\/\\\/visit.santcugat.cat\\\/es\\\/tasta-mando-2026\\\/#primaryimage\"},\"image\":{\"@id\":\"https:\\\/\\\/visit.santcugat.cat\\\/es\\\/tasta-mando-2026\\\/#primaryimage\"},\"thumbnailUrl\":\"https:\\\/\\\/visit.santcugat.cat\\\/wp-content\\\/uploads\\\/2026\\\/08\\\/mando.png\",\"datePublished\":\"2026-08-10T15:15:10+00:00\",\"dateModified\":\"2026-09-04T10:54:45+00:00\",\"description\":\"Sant Cugat celebra el Tasta Mand\u00f3 2026 con propuestas nuevas y actividades para disfrutar del tomate local. Consulta toda la programaci\u00f3n.\",\"breadcrumb\":{\"@id\":\"https:\\\/\\\/visit.santcugat.cat\\\/es\\\/tasta-mando-2026\\\/#breadcrumb\"},\"inLanguage\":\"es\",\"potentialAction\":[{\"@type\":\"ReadAction\",\"target\":[\"https:\\\/\\\/visit.santcugat.cat\\\/es\\\/tasta-mando-2026\\\/\"]}]},{\"@type\":\"ImageObject\",\"inLanguage\":\"es\",\"@id\":\"https:\\\/\\\/visit.santcugat.cat\\\/es\\\/tasta-mando-2026\\\/#primaryimage\",\"url\":\"https:\\\/\\\/visit.santcugat.cat\\\/wp-content\\\/uploads\\\/2026\\\/08\\\/mando.png\",\"contentUrl\":\"https:\\\/\\\/visit.santcugat.cat\\\/wp-content\\\/uploads\\\/2026\\\/08\\\/mando.png\",\"width\":800,\"height\":423,\"caption\":\"Cartel Feria del Tomate Mand\u00f3 6 de septiembre de 2026\"},{\"@type\":\"BreadcrumbList\",\"@id\":\"https:\\\/\\\/visit.santcugat.cat\\\/es\\\/tasta-mando-2026\\\/#breadcrumb\",\"itemListElement\":[{\"@type\":\"ListItem\",\"position\":1,\"name\":\"Inici\",\"item\":\"https:\\\/\\\/visit.santcugat.cat\\\/es\\\/\"},{\"@type\":\"ListItem\",\"position\":2,\"name\":\"Tasta Mand\u00f3 2026\"}]},{\"@type\":\"WebSite\",\"@id\":\"https:\\\/\\\/visit.santcugat.cat\\\/fr\\\/#website\",\"url\":\"https:\\\/\\\/visit.santcugat.cat\\\/fr\\\/\",\"name\":\"Visit Sant Cugat\",\"description\":\"Turisme de Sant Cugat\",\"publisher\":{\"@id\":\"https:\\\/\\\/visit.santcugat.cat\\\/fr\\\/#organization\"},\"potentialAction\":[{\"@type\":\"SearchAction\",\"target\":{\"@type\":\"EntryPoint\",\"urlTemplate\":\"https:\\\/\\\/visit.santcugat.cat\\\/fr\\\/?s={search_term_string}\"},\"query-input\":{\"@type\":\"PropertyValueSpecification\",\"valueRequired\":true,\"valueName\":\"search_term_string\"}}],\"inLanguage\":\"es\"},{\"@type\":\"Organization\",\"@id\":\"https:\\\/\\\/visit.santcugat.cat\\\/fr\\\/#organization\",\"name\":\"Visit Sant Cugat - Turisme de Sant Cugat - Barcelona\",\"url\":\"https:\\\/\\\/visit.santcugat.cat\\\/fr\\\/\",\"logo\":{\"@type\":\"ImageObject\",\"inLanguage\":\"es\",\"@id\":\"https:\\\/\\\/visit.santcugat.cat\\\/fr\\\/#\\\/schema\\\/logo\\\/image\\\/\",\"url\":\"https:\\\/\\\/visit.santcugat.cat\\\/wp-content\\\/uploads\\\/2020\\\/09\\\/logo.png\",\"contentUrl\":\"https:\\\/\\\/visit.santcugat.cat\\\/wp-content\\\/uploads\\\/2020\\\/09\\\/logo.png\",\"width\":200,\"height\":44,\"caption\":\"Visit Sant Cugat - Turisme de Sant Cugat - Barcelona\"},\"image\":{\"@id\":\"https:\\\/\\\/visit.santcugat.cat\\\/fr\\\/#\\\/schema\\\/logo\\\/image\\\/\"},\"sameAs\":[\"https:\\\/\\\/www.facebook.com\\\/visitsantcugat\\\/\",\"https:\\\/\\\/x.com\\\/ajsantcugat\",\"https:\\\/\\\/www.instagram.com\\\/visitsantcugat\\\/\",\"https:\\\/\\\/ca.wikipedia.org\\\/wiki\\\/Sant_Cugat_del_Vall\u00e8s\"]},{\"@type\":\"Person\",\"@id\":\"https:\\\/\\\/visit.santcugat.cat\\\/fr\\\/#\\\/schema\\\/person\\\/9bc755ac4c4e1e8d6bad548f223732e9\",\"name\":\"NOEMA\",\"image\":{\"@type\":\"ImageObject\",\"inLanguage\":\"es\",\"@id\":\"https:\\\/\\\/secure.gravatar.com\\\/avatar\\\/d04e98288e5d25244e8abb3f3c6f03abd50716fb92399aeaae8403eb5f88bf53?s=96&d=mm&r=g\",\"url\":\"https:\\\/\\\/secure.gravatar.com\\\/avatar\\\/d04e98288e5d25244e8abb3f3c6f03abd50716fb92399aeaae8403eb5f88bf53?s=96&d=mm&r=g\",\"contentUrl\":\"https:\\\/\\\/secure.gravatar.com\\\/avatar\\\/d04e98288e5d25244e8abb3f3c6f03abd50716fb92399aeaae8403eb5f88bf53?s=96&d=mm&r=g\",\"caption\":\"NOEMA\"}}]}<\/script>\n<!-- \/ Yoast SEO plugin. -->","yoast_head_json":{"title":"Sant Cugat celebra una nueva edici\u00f3n del Tasta Mand\u00f3 2026 | Visit Sant Cugat","description":"Sant Cugat celebra el Tasta Mand\u00f3 2026 con propuestas nuevas y actividades para disfrutar del tomate local. Consulta toda la programaci\u00f3n.","robots":{"index":"index","follow":"follow","max-snippet":"max-snippet:-1","max-image-preview":"max-image-preview:large","max-video-preview":"max-video-preview:-1"},"canonical":"https:\/\/visit.santcugat.cat\/es\/tasta-mando-2026\/","og_locale":"es_ES","og_type":"article","og_title":"Sant Cugat celebra una nueva edici\u00f3n del Tasta Mand\u00f3 2026 | Visit Sant Cugat","og_description":"Sant Cugat celebra el Tasta Mand\u00f3 2026 con propuestas nuevas y actividades para disfrutar del tomate local. Consulta toda la programaci\u00f3n.","og_url":"https:\/\/visit.santcugat.cat\/es\/tasta-mando-2026\/","og_site_name":"Visit Sant Cugat","article_publisher":"https:\/\/www.facebook.com\/visitsantcugat\/","article_published_time":"2026-08-10T15:15:10+00:00","article_modified_time":"2026-09-04T10:54:45+00:00","og_image":[{"width":800,"height":423,"url":"https:\/\/visit.santcugat.cat\/wp-content\/uploads\/2026\/08\/mando.png","type":"image\/png"}],"author":"NOEMA","twitter_card":"summary_large_image","twitter_creator":"@ajsantcugat","twitter_site":"@ajsantcugat","twitter_misc":{"Escrito por":"NOEMA","Tiempo de lectura":"3 minutos"},"schema":{"@context":"https:\/\/schema.org","@graph":[{"@type":"Article","@id":"https:\/\/visit.santcugat.cat\/es\/tasta-mando-2026\/#article","isPartOf":{"@id":"https:\/\/visit.santcugat.cat\/es\/tasta-mando-2026\/"},"author":{"name":"NOEMA","@id":"https:\/\/visit.santcugat.cat\/fr\/#\/schema\/person\/9bc755ac4c4e1e8d6bad548f223732e9"},"headline":"Tasta Mand\u00f3 2026","datePublished":"2026-08-10T15:15:10+00:00","dateModified":"2026-09-04T10:54:45+00:00","mainEntityOfPage":{"@id":"https:\/\/visit.santcugat.cat\/es\/tasta-mando-2026\/"},"wordCount":481,"commentCount":0,"publisher":{"@id":"https:\/\/visit.santcugat.cat\/fr\/#organization"},"image":{"@id":"https:\/\/visit.santcugat.cat\/es\/tasta-mando-2026\/#primaryimage"},"thumbnailUrl":"https:\/\/visit.santcugat.cat\/wp-content\/uploads\/2026\/08\/mando.png","articleSection":["Blog","Cultura y ocio","En familia","Eventos","General","Para todos"],"inLanguage":"es","potentialAction":[{"@type":"CommentAction","name":"Comment","target":["https:\/\/visit.santcugat.cat\/es\/tasta-mando-2026\/#respond"]}]},{"@type":"WebPage","@id":"https:\/\/visit.santcugat.cat\/es\/tasta-mando-2026\/","url":"https:\/\/visit.santcugat.cat\/es\/tasta-mando-2026\/","name":"Sant Cugat celebra una nueva edici\u00f3n del Tasta Mand\u00f3 2026 | Visit Sant Cugat","isPartOf":{"@id":"https:\/\/visit.santcugat.cat\/fr\/#website"},"primaryImageOfPage":{"@id":"https:\/\/visit.santcugat.cat\/es\/tasta-mando-2026\/#primaryimage"},"image":{"@id":"https:\/\/visit.santcugat.cat\/es\/tasta-mando-2026\/#primaryimage"},"thumbnailUrl":"https:\/\/visit.santcugat.cat\/wp-content\/uploads\/2026\/08\/mando.png","datePublished":"2026-08-10T15:15:10+00:00","dateModified":"2026-09-04T10:54:45+00:00","description":"Sant Cugat celebra el Tasta Mand\u00f3 2026 con propuestas nuevas y actividades para disfrutar del tomate local. Consulta toda la programaci\u00f3n.","breadcrumb":{"@id":"https:\/\/visit.santcugat.cat\/es\/tasta-mando-2026\/#breadcrumb"},"inLanguage":"es","potentialAction":[{"@type":"ReadAction","target":["https:\/\/visit.santcugat.cat\/es\/tasta-mando-2026\/"]}]},{"@type":"ImageObject","inLanguage":"es","@id":"https:\/\/visit.santcugat.cat\/es\/tasta-mando-2026\/#primaryimage","url":"https:\/\/visit.santcugat.cat\/wp-content\/uploads\/2026\/08\/mando.png","contentUrl":"https:\/\/visit.santcugat.cat\/wp-content\/uploads\/2026\/08\/mando.png","width":800,"height":423,"caption":"Cartel Feria del Tomate Mand\u00f3 6 de septiembre de 2026"},{"@type":"BreadcrumbList","@id":"https:\/\/visit.santcugat.cat\/es\/tasta-mando-2026\/#breadcrumb","itemListElement":[{"@type":"ListItem","position":1,"name":"Inici","item":"https:\/\/visit.santcugat.cat\/es\/"},{"@type":"ListItem","position":2,"name":"Tasta Mand\u00f3 2026"}]},{"@type":"WebSite","@id":"https:\/\/visit.santcugat.cat\/fr\/#website","url":"https:\/\/visit.santcugat.cat\/fr\/","name":"Visit Sant Cugat","description":"Turisme de Sant Cugat","publisher":{"@id":"https:\/\/visit.santcugat.cat\/fr\/#organization"},"potentialAction":[{"@type":"SearchAction","target":{"@type":"EntryPoint","urlTemplate":"https:\/\/visit.santcugat.cat\/fr\/?s={search_term_string}"},"query-input":{"@type":"PropertyValueSpecification","valueRequired":true,"valueName":"search_term_string"}}],"inLanguage":"es"},{"@type":"Organization","@id":"https:\/\/visit.santcugat.cat\/fr\/#organization","name":"Visit Sant Cugat - Turisme de Sant Cugat - Barcelona","url":"https:\/\/visit.santcugat.cat\/fr\/","logo":{"@type":"ImageObject","inLanguage":"es","@id":"https:\/\/visit.santcugat.cat\/fr\/#\/schema\/logo\/image\/","url":"https:\/\/visit.santcugat.cat\/wp-content\/uploads\/2020\/09\/logo.png","contentUrl":"https:\/\/visit.santcugat.cat\/wp-content\/uploads\/2020\/09\/logo.png","width":200,"height":44,"caption":"Visit Sant Cugat - Turisme de Sant Cugat - Barcelona"},"image":{"@id":"https:\/\/visit.santcugat.cat\/fr\/#\/schema\/logo\/image\/"},"sameAs":["https:\/\/www.facebook.com\/visitsantcugat\/","https:\/\/x.com\/ajsantcugat","https:\/\/www.instagram.com\/visitsantcugat\/","https:\/\/ca.wikipedia.org\/wiki\/Sant_Cugat_del_Vall\u00e8s"]},{"@type":"Person","@id":"https:\/\/visit.santcugat.cat\/fr\/#\/schema\/person\/9bc755ac4c4e1e8d6bad548f223732e9","name":"NOEMA","image":{"@type":"ImageObject","inLanguage":"es","@id":"https:\/\/secure.gravatar.com\/avatar\/d04e98288e5d25244e8abb3f3c6f03abd50716fb92399aeaae8403eb5f88bf53?s=96&d=mm&r=g","url":"https:\/\/secure.gravatar.com\/avatar\/d04e98288e5d25244e8abb3f3c6f03abd50716fb92399aeaae8403eb5f88bf53?s=96&d=mm&r=g","contentUrl":"https:\/\/secure.gravatar.com\/avatar\/d04e98288e5d25244e8abb3f3c6f03abd50716fb92399aeaae8403eb5f88bf53?s=96&d=mm&r=g","caption":"NOEMA"}}]}},"_links":{"self":[{"href":"https:\/\/visit.santcugat.cat\/es\/wp-json\/wp\/v2\/posts\/51984","targetHints":{"allow":["GET"]}}],"collection":[{"href":"https:\/\/visit.santcugat.cat\/es\/wp-json\/wp\/v2\/posts"}],"about":[{"href":"https:\/\/visit.santcugat.cat\/es\/wp-json\/wp\/v2\/types\/post"}],"author":[{"embeddable":true,"href":"https:\/\/visit.santcugat.cat\/es\/wp-json\/wp\/v2\/users\/22"}],"replies":[{"embeddable":true,"href":"https:\/\/visit.santcugat.cat\/es\/wp-json\/wp\/v2\/comments?post=51984"}],"version-history":[{"count":4,"href":"https:\/\/visit.santcugat.cat\/es\/wp-json\/wp\/v2\/posts\/51984\/revisions"}],"predecessor-version":[{"id":52466,"href":"https:\/\/visit.santcugat.cat\/es\/wp-json\/wp\/v2\/posts\/51984\/revisions\/52466"}],"wp:featuredmedia":[{"embeddable":true,"href":"https:\/\/visit.santcugat.cat\/es\/wp-json\/wp\/v2\/media\/52462"}],"wp:attachment":[{"href":"https:\/\/visit.santcugat.cat\/es\/wp-json\/wp\/v2\/media?parent=51984"}],"wp:term":[{"taxonomy":"category","embeddable":true,"href":"https:\/\/visit.santcugat.cat\/es\/wp-json\/wp\/v2\/categories?post=51984"},{"taxonomy":"post_tag","embeddable":true,"href":"https:\/\/visit.santcugat.cat\/es\/wp-json\/wp\/v2\/tags?post=51984"}],"curies":[{"name":"wp","href":"https:\/\/api.w.org\/{rel}","templated":true}]}}