{"id":38007,"date":"2023-08-10T19:46:04","date_gmt":"2023-08-10T17:46:04","guid":{"rendered":"https:\/\/visit.santcugat.cat\/festival-de-musica-antigua-contratemps-2023\/"},"modified":"2023-09-04T16:27:53","modified_gmt":"2023-09-04T14:27:53","slug":"festival-de-musica-antigua-contratemps","status":"publish","type":"post","link":"https:\/\/visit.santcugat.cat\/es\/festival-de-musica-antigua-contratemps\/","title":{"rendered":"Festival de m\u00fasica antigua Contratemps, 2023"},"content":{"rendered":"<div class=\"fusion-fullwidth fullwidth-box fusion-builder-row-1 fusion-flex-container nonhundred-percent-fullwidth non-hundred-percent-height-scrolling\" style=\"--awb-border-radius-top-left:0px;--awb-border-radius-top-right:0px;--awb-border-radius-bottom-right:0px;--awb-border-radius-bottom-left:0px;--awb-flex-wrap:wrap;\" ><div class=\"fusion-builder-row fusion-row fusion-flex-align-items-flex-start fusion-flex-content-wrap\" style=\"max-width:1216.8px;margin-left: calc(-4% \/ 2 );margin-right: calc(-4% \/ 2 );\"><div class=\"fusion-layout-column fusion_builder_column fusion-builder-column-0 fusion_builder_column_1_1 1_1 fusion-flex-column\" style=\"--awb-bg-size:cover;--awb-width-large:100%;--awb-margin-top-large:0px;--awb-spacing-right-large:1.92%;--awb-margin-bottom-large:0px;--awb-spacing-left-large:1.92%;--awb-width-medium:100%;--awb-spacing-right-medium:1.92%;--awb-spacing-left-medium:1.92%;--awb-width-small:100%;--awb-spacing-right-small:1.92%;--awb-spacing-left-small:1.92%;\"><div class=\"fusion-column-wrapper fusion-flex-justify-content-flex-start fusion-content-layout-column\"><div class=\"fusion-text fusion-text-1\"><p>El Festival de m\u00fasica antigua Contratemps, promovido por el Colectivo de M\u00fasica Antigua de Sant Cugat y el Ayuntamiento, llega cargado de actividades diversas con la intenci\u00f3n de difundir de una manera \u00fanica la m\u00fasica hist\u00f3rica, accesible a todos los p\u00fablicos, grandes y peque\u00f1os.<\/p>\n<div id=\"ez-toc-container\" class=\"ez-toc-v2_0_82_2 counter-hierarchy ez-toc-counter ez-toc-grey ez-toc-container-direction\">\n<div class=\"ez-toc-title-container\">\n<p class=\"ez-toc-title\" style=\"cursor:inherit\"><\/p>\n<span class=\"ez-toc-title-toggle\"><a href=\"#\" class=\"ez-toc-pull-right ez-toc-btn ez-toc-btn-xs ez-toc-btn-default ez-toc-toggle\" aria-label=\"Alternar tabla de contenidos\"><span class=\"ez-toc-js-icon-con\"><span class=\"\"><span class=\"eztoc-hide\" style=\"display:none;\">Toggle<\/span><span class=\"ez-toc-icon-toggle-span\"><svg style=\"fill: #999;color:#999\" xmlns=\"http:\/\/www.w3.org\/2000\/svg\" class=\"list-377408\" width=\"20px\" height=\"20px\" viewBox=\"0 0 24 24\" fill=\"none\"><path d=\"M6 6H4v2h2V6zm14 0H8v2h12V6zM4 11h2v2H4v-2zm16 0H8v2h12v-2zM4 16h2v2H4v-2zm16 0H8v2h12v-2z\" fill=\"currentColor\"><\/path><\/svg><svg style=\"fill: #999;color:#999\" class=\"arrow-unsorted-368013\" xmlns=\"http:\/\/www.w3.org\/2000\/svg\" width=\"10px\" height=\"10px\" viewBox=\"0 0 24 24\" version=\"1.2\" baseProfile=\"tiny\"><path d=\"M18.2 9.3l-6.2-6.3-6.2 6.3c-.2.2-.3.4-.3.7s.1.5.3.7c.2.2.4.3.7.3h11c.3 0 .5-.1.7-.3.2-.2.3-.5.3-.7s-.1-.5-.3-.7zM5.8 14.7l6.2 6.3 6.2-6.3c.2-.2.3-.5.3-.7s-.1-.5-.3-.7c-.2-.2-.4-.3-.7-.3h-11c-.3 0-.5.1-.7.3-.2.2-.3.5-.3.7s.1.5.3.7z\"\/><\/svg><\/span><\/span><\/span><\/a><\/span><\/div>\n<nav><ul class='ez-toc-list ez-toc-list-level-1 ' ><li class='ez-toc-page-1 ez-toc-heading-level-2'><a class=\"ez-toc-link ez-toc-heading-1\" href=\"https:\/\/visit.santcugat.cat\/es\/festival-de-musica-antigua-contratemps\/#5a_edicion_del_Festival_Contratemps_%C2%A1musicas_historicas_ahora\" >5\u00aa edici\u00f3n del Festival Contratemps, \u00a1m\u00fasicas hist\u00f3ricas, ahora!<\/a><\/li><li class='ez-toc-page-1 ez-toc-heading-level-2'><a class=\"ez-toc-link ez-toc-heading-2\" href=\"https:\/\/visit.santcugat.cat\/es\/festival-de-musica-antigua-contratemps\/#Venta_de_entradas_y_mas_informacion_del_Festival_Contratemps\" >Venta de entradas y m\u00e1s informaci\u00f3n del Festival Contratemps<\/a><\/li><li class='ez-toc-page-1 ez-toc-heading-level-2'><a class=\"ez-toc-link ez-toc-heading-3\" href=\"https:\/\/visit.santcugat.cat\/es\/festival-de-musica-antigua-contratemps\/#Programacion_del_Festival_Contratemps\" >Programaci\u00f3n del Festival Contratemps<\/a><ul class='ez-toc-list-level-3' ><li class='ez-toc-heading-level-3'><a class=\"ez-toc-link ez-toc-heading-4\" href=\"https:\/\/visit.santcugat.cat\/es\/festival-de-musica-antigua-contratemps\/#Viernes_y_sabado_8_y_9_de_septiembre\" >Viernes y s\u00e1bado, 8 y 9 de septiembre<\/a><\/li><li class='ez-toc-page-1 ez-toc-heading-level-3'><a class=\"ez-toc-link ez-toc-heading-5\" href=\"https:\/\/visit.santcugat.cat\/es\/festival-de-musica-antigua-contratemps\/#Domingo_10_de_septiembre\" >Domingo, 10 de septiembre<\/a><\/li><li class='ez-toc-page-1 ez-toc-heading-level-3'><a class=\"ez-toc-link ez-toc-heading-6\" href=\"https:\/\/visit.santcugat.cat\/es\/festival-de-musica-antigua-contratemps\/#Viernes_15_de_septiembre\" >Viernes, 15 de septiembre<\/a><\/li><li class='ez-toc-page-1 ez-toc-heading-level-3'><a class=\"ez-toc-link ez-toc-heading-7\" href=\"https:\/\/visit.santcugat.cat\/es\/festival-de-musica-antigua-contratemps\/#Sabado_16_de_septiembre\" >S\u00e1bado, 16 de septiembre<\/a><\/li><li class='ez-toc-page-1 ez-toc-heading-level-3'><a class=\"ez-toc-link ez-toc-heading-8\" href=\"https:\/\/visit.santcugat.cat\/es\/festival-de-musica-antigua-contratemps\/#Domingo_17_de_septiembre\" >Domingo, 17 de septiembre<\/a><\/li><\/ul><\/li><\/ul><\/nav><\/div>\n<h2><span class=\"ez-toc-section\" id=\"5a_edicion_del_Festival_Contratemps_%C2%A1musicas_historicas_ahora\"><\/span>5\u00aa edici\u00f3n del Festival Contratemps, \u00a1m\u00fasicas hist\u00f3ricas, ahora!<span class=\"ez-toc-section-end\"><\/span><\/h2>\n<p>Del 8 al 17 de septiembre de 2023, la plaza de l&#8217;Om, el Claustro del Monasterio, el Teatre-Auditori y la Bodega Modernista ser\u00e1n los lugares que acoger\u00e1n la extensa programaci\u00f3n de este a\u00f1o: conciertos <em>fringe<\/em> para dar impulso a nuevas formaciones; una sesi\u00f3n de yoga sonoro, un espect\u00e1culo con m\u00fasica barroca y una conferencia; una \u00f3pera de Monteverdi con una puesta en escena circense; talleres en familia de trabajos manuales; un espect\u00e1culo musical para todas las edades.<\/p>\n<h2><span class=\"ez-toc-section\" id=\"Venta_de_entradas_y_mas_informacion_del_Festival_Contratemps\"><\/span>Venta de entradas y m\u00e1s informaci\u00f3n del Festival Contratemps<span class=\"ez-toc-section-end\"><\/span><\/h2>\n<p>Para m\u00e1s informaci\u00f3n y compra de entradas, visita el web del <a href=\"https:\/\/www.contratemps.com\" target=\"_blank\" rel=\"noopener nofollow\">Festival Contratemps<\/a><\/p>\n<p><img decoding=\"async\" class=\"alignnone wp-image-37994 size-full\" title=\"Contratemps 2023\" src=\"https:\/\/visit.santcugat.cat\/wp-content\/uploads\/2023\/08\/headingweb1-1024x157-1.jpeg\" alt=\"Festival Contratemps 2023\" width=\"1024\" height=\"157\" srcset=\"https:\/\/visit.santcugat.cat\/wp-content\/uploads\/2023\/08\/headingweb1-1024x157-1-200x31.jpeg 200w, https:\/\/visit.santcugat.cat\/wp-content\/uploads\/2023\/08\/headingweb1-1024x157-1-300x46.jpeg 300w, https:\/\/visit.santcugat.cat\/wp-content\/uploads\/2023\/08\/headingweb1-1024x157-1-400x61.jpeg 400w, https:\/\/visit.santcugat.cat\/wp-content\/uploads\/2023\/08\/headingweb1-1024x157-1-600x92.jpeg 600w, https:\/\/visit.santcugat.cat\/wp-content\/uploads\/2023\/08\/headingweb1-1024x157-1-768x118.jpeg 768w, https:\/\/visit.santcugat.cat\/wp-content\/uploads\/2023\/08\/headingweb1-1024x157-1-800x123.jpeg 800w, https:\/\/visit.santcugat.cat\/wp-content\/uploads\/2023\/08\/headingweb1-1024x157-1.jpeg 1024w\" sizes=\"(max-width: 1024px) 100vw, 1024px\" \/><\/p>\n<h2><span class=\"ez-toc-section\" id=\"Programacion_del_Festival_Contratemps\"><\/span>Programaci\u00f3n del Festival Contratemps<span class=\"ez-toc-section-end\"><\/span><\/h2>\n<h3><span class=\"ez-toc-section\" id=\"Viernes_y_sabado_8_y_9_de_septiembre\"><\/span>Viernes y s\u00e1bado, 8 y 9 de septiembre<span class=\"ez-toc-section-end\"><\/span><\/h3>\n<p>19.30 h i 20.30 h plaza de l\u2019Om<br \/><strong>5\u00ba Contratemps. Conciertos \u201cFringe\u201d<\/strong><br \/>Organiza: Colectivo M\u00fasica Antigua Sant Cugat y Ayuntamiento<br \/>Actividad gratuita. Dentro de la programaci\u00f3n de Viu la Cl\u00e0ssica Sant Cugat<br \/>Estrenamos la 5\u00aa edici\u00f3n del Festival Contratemps con su secci\u00f3n \u201cfringe\u201d, que incluye dos conciertos de formaciones emergentes. El 8 de septiembre contaremos con las violas da gamba de Carolina Eg\u00fcez, Bianca Cucini y el clavic\u00e9mbalo de Diana Valls, y Nocturnalia Ensemble (Londres), en el segundo concierto. El 9 de septiembre escucharemos a Iter Ensemble (Catalunya) y Tri\u00e0logo Ensemble (Basilea).<\/p>\n<p>Tambi\u00e9n habr\u00e1 un taller de estampaci\u00f3n de camisetas en la misma plaza, a partir de las 19 h. Activitat gratuita.\u00a0<\/p>\n<h3><span class=\"ez-toc-section\" id=\"Domingo_10_de_septiembre\"><\/span>Domingo, 10 de septiembre<span class=\"ez-toc-section-end\"><\/span><\/h3>\n<p>8 h Claustro del Monasterio<br \/><strong>Festival Contratemps. Yoga sonoro<\/strong><br \/>Organiza: Colectivo M\u00fasica Antigua Sant Cugat y Ayuntamiento<br \/>Precio: 10 \u20ac. <a href=\"https:\/\/entradium.com\/events\/ioga-sonor-amb-monica-mones-i-l-incantari\" target=\"_blank\" rel=\"noopener nofollow\">Venta de entradas de Yoga sonor. <\/a>Dentro de la programaci\u00f3n de Viu la Cl\u00e0ssica Sant Cugat<br \/>Con M\u00f2nica Mon\u00e9s y el Ensemble L&#8217;Incantari. M\u00f2nica Mon\u00e9s realizar\u00e1 una sesi\u00f3n de Yoga y meditaci\u00f3n en el Claustro del Monasterio de Sant Cugat, acompa\u00f1ada por el Ensemble L&#8217;Incantari, especialistas en m\u00fasica medieval.<\/p>\n<h3><span class=\"ez-toc-section\" id=\"Viernes_15_de_septiembre\"><\/span>Viernes, 15 de septiembre<span class=\"ez-toc-section-end\"><\/span><\/h3>\n<p>21 h Claustro del Monasterio<br \/><strong>Ensemble Terza Prattica<\/strong><br \/>Organiza: Colectivo M\u00fasica Antigua Sant Cugat y Ayuntamiento<br \/>Precio: 10 \u20ac. <a href=\"https:\/\/entradium.com\/events\/terza-prattica-francesca-lombardi-i-massimiliano-toni\" target=\"_blank\" rel=\"noopener nofollow\">Venta de entradas <\/a>Dentro de la programaci\u00f3n de Viu la Cl\u00e0ssica Sant Cugat<br \/>El grupo Terza Prattica, dirigido por Massimiliano Toni, uno de los directores m\u00e1s importantes del panorama internacional, presenta \u201cNemici d&#8217;amore: Lacrime, follia e passione\u201d, con la<br \/>soprano Francesca Lombardi. Un espect\u00e1culo interdisciplinario, con una puesta en escena donde la protagonista va cambiando de vestuario pasando por los personajes m\u00e1s importantes del repertorio del settecento italiano.<\/p>\n<h3><span class=\"ez-toc-section\" id=\"Sabado_16_de_septiembre\"><\/span>S\u00e1bado, 16 de septiembre<span class=\"ez-toc-section-end\"><\/span><\/h3>\n<p>12.30 h Claustro del Monasterio<br \/><strong>Conferencia y concierto \u201cEl <span style=\"color: #000000;\">baj\u00f3n,<\/span> un instrumento vocal\u201d<\/strong><br \/>Organiza: Colectivo M\u00fasica Antigua Sant Cugat y Ayuntamiento<br \/>Actividad gratuita. Dentro de la programaci\u00f3n de Viu la Cl\u00e0ssica Sant Cugat<br \/>Josep Borr\u00e0s llevar\u00e1 a cabo esta conferencia\/concierto donde le acompa\u00f1ar\u00e1n la soprano Irene Mas Salom y el clavicembalista Javier Artigas.<\/p>\n<p>17 h Claustro del Monasterio<br \/><strong>Taller familiar \u201cm\u00fasica de papel\u201d<\/strong><br \/>Organiza: Colectivo M\u00fasica Antigua Sant Cugat y Ayuntamiento<br \/>Actividad gratuita.\u00a0Dentro de la programaci\u00f3n de Viu la Cl\u00e0ssica Sant Cugat<br \/>Taller familiar a cargo de Joan Sallas, especialista en plegado de papel<\/p>\n<p>19 h Caf\u00e9 Auditorio<br \/><strong>Conferencia \u201cMonteverdi y el nacimiento de la \u00f3pera\u201d<\/strong><br \/>Organiza: Colectivo M\u00fasica Antigua Sant Cugat y Ayuntamiento<br \/>Actividad gratuita.\u00a0Dentro de la programaci\u00f3n de Viu la Cl\u00e0ssica Sant Cugat<br \/>A cargo de Antoni Colomer.\u00a0Conferencia previa a la representaci\u00f3n del espect\u00e1culo \u201cIl combattimento di Tancredi e Clorinda\u201d, de Claudio Monteverdi, en el Teatre-Auditori Sant Cugat.<\/p>\n<p>20 h Teatro-Auditorio Sant Cugat<br \/><strong>\u00d3pera m\u00e1s circo \u201cIl combattimento di Tancredi e Clorinda\u201d<\/strong><br \/>Organiza: Colectivo M\u00fasica Antigua Sant Cugat y Ayuntamiento<br \/>Venta de entradas en la web de <a href=\"https:\/\/tasantcugat.cat\/\" target=\"_blank\" rel=\"noopener nofollow\">tasantcugat.cat. <\/a>Dentro de la programaci\u00f3n de Viu la Cl\u00e0ssica Sant Cugat<br \/>\u201cIl combattimento di Tancredi e Clorinda\u201d, composici\u00f3n de Claudio Monteverdi, es una escena oper\u00edstica que pronto conmemorar\u00e1 los cuatrocientos a\u00f1os de su estreno. Esta obra es una de las primeras representaciones l\u00edricas del mundo. Una producci\u00f3n con la colaboraci\u00f3n del especialista en circo y comedia del arte Adrian Schvarzstein, cuya representaci\u00f3n actual cautivar\u00e1 tanto a la audiencia experimentada como aquella que se acerca por primera vez a este repertorio. Encabezan el reparto la soprano Maria Hinojosa, el bar\u00edtono Ferran Albrich y el tenor Jorge Juan Morata. Ser\u00e1n acompa\u00f1ados por el Ensemble Contratemps, dirigido por Jordi Dom\u00e8nech.<\/p>\n<h3><span class=\"ez-toc-section\" id=\"Domingo_17_de_septiembre\"><\/span>Domingo, 17 de septiembre<span class=\"ez-toc-section-end\"><\/span><\/h3>\n<p><span class=\"VIpgJd-yAWNEb-VIpgJd-fmcmS-sn54Q\">11 h Bodega Modernista<\/span><br \/><strong><span class=\"VIpgJd-yAWNEb-VIpgJd-fmcmS-sn54Q\">\u201cRapunzel\u201d<\/span><\/strong><br \/><span class=\"VIpgJd-yAWNEb-VIpgJd-fmcmS-sn54Q\">Organiza: Colectivo M\u00fasica Antigua Sant Cugat y Ayuntamiento<\/span><br \/><span class=\"VIpgJd-yAWNEb-VIpgJd-fmcmS-sn54Q\">Actividad gratuita.\u00a0<\/span>Dentro de la programaci\u00f3n de Viu la Cl\u00e0ssica Sant Cugat<br \/>Un espect\u00e1culo musical para toda la familia dirigido por la violinista Margherita Pupulin<br \/>Tambi\u00e9n podr\u00e1 participar en un taller de camisetas, hasta las 14 h.<\/p>\n<p>12.30 h Bodega Modernista<br \/><strong>Contratemps hace lindy. Clausura del Festival Contratemps<\/strong><br \/>Organiza: Colectivo M\u00fasica Antigua Sant Cugat y Ayuntamiento<br \/>Actividad gratuita.\u00a0Dentro de la programaci\u00f3n de Viu la Cl\u00e0ssica Sant Cugat<br \/>Una clausura sorprendente de la 5\u00aa edici\u00f3n del Festival Contratemps, llena de ritmo, baile y buen rollo, con Matthew Simon Quartet y Fem Lindy Sant Cugat.<\/p>\n<p>Adem\u00e1s, te proponemos que disfrutes de<a href=\"https:\/\/visit.santcugat.cat\/es\/la-ciudad-de-sant-cugat\/\"> todo lo que tiene que ofrecerte la ciudad.<\/a> \u00a1Bienvenidos y bienvenidas a Sant Cugat!<\/p>\n<p><img decoding=\"async\" class=\"alignnone size-full wp-image-37990\" src=\"https:\/\/visit.santcugat.cat\/wp-content\/uploads\/2023\/08\/festival-contratemps-2023.jpeg\" alt=\"Festival Contratemps 2023\" width=\"1024\" height=\"143\" srcset=\"https:\/\/visit.santcugat.cat\/wp-content\/uploads\/2023\/08\/festival-contratemps-2023-200x28.jpeg 200w, https:\/\/visit.santcugat.cat\/wp-content\/uploads\/2023\/08\/festival-contratemps-2023-300x42.jpeg 300w, https:\/\/visit.santcugat.cat\/wp-content\/uploads\/2023\/08\/festival-contratemps-2023-400x56.jpeg 400w, https:\/\/visit.santcugat.cat\/wp-content\/uploads\/2023\/08\/festival-contratemps-2023-600x84.jpeg 600w, https:\/\/visit.santcugat.cat\/wp-content\/uploads\/2023\/08\/festival-contratemps-2023-768x107.jpeg 768w, https:\/\/visit.santcugat.cat\/wp-content\/uploads\/2023\/08\/festival-contratemps-2023-800x112.jpeg 800w, https:\/\/visit.santcugat.cat\/wp-content\/uploads\/2023\/08\/festival-contratemps-2023.jpeg 1024w\" sizes=\"(max-width: 1024px) 100vw, 1024px\" \/><\/p>\n<\/div><\/div><\/div><\/div><\/div>\n","protected":false},"excerpt":{"rendered":"","protected":false},"author":4,"featured_media":38002,"comment_status":"open","ping_status":"open","sticky":false,"template":"","format":"standard","meta":{"_joinchat":[],"footnotes":""},"categories":[328,213,290,9],"tags":[],"class_list":["post-38007","post","type-post","status-publish","format-standard","has-post-thumbnail","hentry","category-blog-es","category-cultura-y-ocio","category-eventos","category-sin-categorizar"],"yoast_head":"<!-- This site is optimized with the Yoast SEO plugin v27.5 - https:\/\/yoast.com\/product\/yoast-seo-wordpress\/ -->\n<title>Festival de m\u00fasica antigua Contratemps, 2023 | Visit Sant Cugat<\/title>\n<meta name=\"description\" content=\"Consulta la programaci\u00f3n del Festival Contratemps 2023, del 8 al 17 SEPTIEMBRE. Conciertos, \u00f3pera, exposiciones, talleres, conferencias...\" \/>\n<meta name=\"robots\" content=\"index, follow, max-snippet:-1, max-image-preview:large, max-video-preview:-1\" \/>\n<link rel=\"canonical\" href=\"https:\/\/visit.santcugat.cat\/es\/festival-de-musica-antigua-contratemps\/\" \/>\n<meta property=\"og:locale\" content=\"es_ES\" \/>\n<meta property=\"og:type\" content=\"article\" \/>\n<meta property=\"og:title\" content=\"Festival de m\u00fasica antigua Contratemps, 2023 | Visit Sant Cugat\" \/>\n<meta property=\"og:description\" content=\"Consulta la programaci\u00f3n del Festival Contratemps 2023, del 8 al 17 SEPTIEMBRE. Conciertos, \u00f3pera, exposiciones, talleres, conferencias...\" \/>\n<meta property=\"og:url\" content=\"https:\/\/visit.santcugat.cat\/es\/festival-de-musica-antigua-contratemps\/\" \/>\n<meta property=\"og:site_name\" content=\"Visit Sant Cugat\" \/>\n<meta property=\"article:publisher\" content=\"https:\/\/www.facebook.com\/visitsantcugat\/\" \/>\n<meta property=\"article:published_time\" content=\"2023-08-10T17:46:04+00:00\" \/>\n<meta property=\"article:modified_time\" content=\"2023-09-04T14:27:53+00:00\" \/>\n<meta property=\"og:image\" content=\"https:\/\/visit.santcugat.cat\/wp-content\/uploads\/2023\/08\/contratemps-2023.jpg\" \/>\n\t<meta property=\"og:image:width\" content=\"720\" \/>\n\t<meta property=\"og:image:height\" content=\"382\" \/>\n\t<meta property=\"og:image:type\" content=\"image\/jpeg\" \/>\n<meta name=\"author\" content=\"Olga Vilacampa\" \/>\n<meta name=\"twitter:card\" content=\"summary_large_image\" \/>\n<meta name=\"twitter:creator\" content=\"@ajsantcugat\" \/>\n<meta name=\"twitter:site\" content=\"@ajsantcugat\" \/>\n<meta name=\"twitter:label1\" content=\"Escrito por\" \/>\n\t<meta name=\"twitter:data1\" content=\"Olga Vilacampa\" \/>\n\t<meta name=\"twitter:label2\" content=\"Tiempo de lectura\" \/>\n\t<meta name=\"twitter:data2\" content=\"6 minutos\" \/>\n<script type=\"application\/ld+json\" class=\"yoast-schema-graph\">{\"@context\":\"https:\\\/\\\/schema.org\",\"@graph\":[{\"@type\":\"Article\",\"@id\":\"https:\\\/\\\/visit.santcugat.cat\\\/es\\\/festival-de-musica-antigua-contratemps\\\/#article\",\"isPartOf\":{\"@id\":\"https:\\\/\\\/visit.santcugat.cat\\\/es\\\/festival-de-musica-antigua-contratemps\\\/\"},\"author\":{\"name\":\"Olga Vilacampa\",\"@id\":\"https:\\\/\\\/visit.santcugat.cat\\\/fr\\\/#\\\/schema\\\/person\\\/1acc74ad6888512d7b8ae809c87a99a5\"},\"headline\":\"Festival de m\u00fasica antigua Contratemps, 2023\",\"datePublished\":\"2023-08-10T17:46:04+00:00\",\"dateModified\":\"2023-09-04T14:27:53+00:00\",\"mainEntityOfPage\":{\"@id\":\"https:\\\/\\\/visit.santcugat.cat\\\/es\\\/festival-de-musica-antigua-contratemps\\\/\"},\"wordCount\":1169,\"commentCount\":0,\"publisher\":{\"@id\":\"https:\\\/\\\/visit.santcugat.cat\\\/fr\\\/#organization\"},\"image\":{\"@id\":\"https:\\\/\\\/visit.santcugat.cat\\\/es\\\/festival-de-musica-antigua-contratemps\\\/#primaryimage\"},\"thumbnailUrl\":\"https:\\\/\\\/visit.santcugat.cat\\\/wp-content\\\/uploads\\\/2023\\\/08\\\/contratemps-2023.jpg\",\"articleSection\":[\"Blog\",\"Cultura y ocio\",\"Eventos\",\"General\"],\"inLanguage\":\"es\",\"potentialAction\":[{\"@type\":\"CommentAction\",\"name\":\"Comment\",\"target\":[\"https:\\\/\\\/visit.santcugat.cat\\\/es\\\/festival-de-musica-antigua-contratemps\\\/#respond\"]}]},{\"@type\":\"WebPage\",\"@id\":\"https:\\\/\\\/visit.santcugat.cat\\\/es\\\/festival-de-musica-antigua-contratemps\\\/\",\"url\":\"https:\\\/\\\/visit.santcugat.cat\\\/es\\\/festival-de-musica-antigua-contratemps\\\/\",\"name\":\"Festival de m\u00fasica antigua Contratemps, 2023 | Visit Sant Cugat\",\"isPartOf\":{\"@id\":\"https:\\\/\\\/visit.santcugat.cat\\\/fr\\\/#website\"},\"primaryImageOfPage\":{\"@id\":\"https:\\\/\\\/visit.santcugat.cat\\\/es\\\/festival-de-musica-antigua-contratemps\\\/#primaryimage\"},\"image\":{\"@id\":\"https:\\\/\\\/visit.santcugat.cat\\\/es\\\/festival-de-musica-antigua-contratemps\\\/#primaryimage\"},\"thumbnailUrl\":\"https:\\\/\\\/visit.santcugat.cat\\\/wp-content\\\/uploads\\\/2023\\\/08\\\/contratemps-2023.jpg\",\"datePublished\":\"2023-08-10T17:46:04+00:00\",\"dateModified\":\"2023-09-04T14:27:53+00:00\",\"description\":\"Consulta la programaci\u00f3n del Festival Contratemps 2023, del 8 al 17 SEPTIEMBRE. Conciertos, \u00f3pera, exposiciones, talleres, conferencias...\",\"breadcrumb\":{\"@id\":\"https:\\\/\\\/visit.santcugat.cat\\\/es\\\/festival-de-musica-antigua-contratemps\\\/#breadcrumb\"},\"inLanguage\":\"es\",\"potentialAction\":[{\"@type\":\"ReadAction\",\"target\":[\"https:\\\/\\\/visit.santcugat.cat\\\/es\\\/festival-de-musica-antigua-contratemps\\\/\"]}]},{\"@type\":\"ImageObject\",\"inLanguage\":\"es\",\"@id\":\"https:\\\/\\\/visit.santcugat.cat\\\/es\\\/festival-de-musica-antigua-contratemps\\\/#primaryimage\",\"url\":\"https:\\\/\\\/visit.santcugat.cat\\\/wp-content\\\/uploads\\\/2023\\\/08\\\/contratemps-2023.jpg\",\"contentUrl\":\"https:\\\/\\\/visit.santcugat.cat\\\/wp-content\\\/uploads\\\/2023\\\/08\\\/contratemps-2023.jpg\",\"width\":720,\"height\":382,\"caption\":\"Festival contratemps 2023\"},{\"@type\":\"BreadcrumbList\",\"@id\":\"https:\\\/\\\/visit.santcugat.cat\\\/es\\\/festival-de-musica-antigua-contratemps\\\/#breadcrumb\",\"itemListElement\":[{\"@type\":\"ListItem\",\"position\":1,\"name\":\"Inici\",\"item\":\"https:\\\/\\\/visit.santcugat.cat\\\/es\\\/\"},{\"@type\":\"ListItem\",\"position\":2,\"name\":\"Festival de m\u00fasica antigua Contratemps, 2023\"}]},{\"@type\":\"WebSite\",\"@id\":\"https:\\\/\\\/visit.santcugat.cat\\\/fr\\\/#website\",\"url\":\"https:\\\/\\\/visit.santcugat.cat\\\/fr\\\/\",\"name\":\"Visit Sant Cugat\",\"description\":\"Turisme de Sant Cugat\",\"publisher\":{\"@id\":\"https:\\\/\\\/visit.santcugat.cat\\\/fr\\\/#organization\"},\"potentialAction\":[{\"@type\":\"SearchAction\",\"target\":{\"@type\":\"EntryPoint\",\"urlTemplate\":\"https:\\\/\\\/visit.santcugat.cat\\\/fr\\\/?s={search_term_string}\"},\"query-input\":{\"@type\":\"PropertyValueSpecification\",\"valueRequired\":true,\"valueName\":\"search_term_string\"}}],\"inLanguage\":\"es\"},{\"@type\":\"Organization\",\"@id\":\"https:\\\/\\\/visit.santcugat.cat\\\/fr\\\/#organization\",\"name\":\"Visit Sant Cugat - Turisme de Sant Cugat - Barcelona\",\"url\":\"https:\\\/\\\/visit.santcugat.cat\\\/fr\\\/\",\"logo\":{\"@type\":\"ImageObject\",\"inLanguage\":\"es\",\"@id\":\"https:\\\/\\\/visit.santcugat.cat\\\/fr\\\/#\\\/schema\\\/logo\\\/image\\\/\",\"url\":\"https:\\\/\\\/visit.santcugat.cat\\\/wp-content\\\/uploads\\\/2020\\\/09\\\/logo.png\",\"contentUrl\":\"https:\\\/\\\/visit.santcugat.cat\\\/wp-content\\\/uploads\\\/2020\\\/09\\\/logo.png\",\"width\":200,\"height\":44,\"caption\":\"Visit Sant Cugat - Turisme de Sant Cugat - Barcelona\"},\"image\":{\"@id\":\"https:\\\/\\\/visit.santcugat.cat\\\/fr\\\/#\\\/schema\\\/logo\\\/image\\\/\"},\"sameAs\":[\"https:\\\/\\\/www.facebook.com\\\/visitsantcugat\\\/\",\"https:\\\/\\\/x.com\\\/ajsantcugat\",\"https:\\\/\\\/www.instagram.com\\\/visitsantcugat\\\/\",\"https:\\\/\\\/ca.wikipedia.org\\\/wiki\\\/Sant_Cugat_del_Vall\u00e8s\"]},{\"@type\":\"Person\",\"@id\":\"https:\\\/\\\/visit.santcugat.cat\\\/fr\\\/#\\\/schema\\\/person\\\/1acc74ad6888512d7b8ae809c87a99a5\",\"name\":\"Olga Vilacampa\",\"image\":{\"@type\":\"ImageObject\",\"inLanguage\":\"es\",\"@id\":\"https:\\\/\\\/secure.gravatar.com\\\/avatar\\\/9d2b4b69a47f4da8b4882ab10f1265d69e78e4123898420ce7bb28d053421429?s=96&d=mm&r=g\",\"url\":\"https:\\\/\\\/secure.gravatar.com\\\/avatar\\\/9d2b4b69a47f4da8b4882ab10f1265d69e78e4123898420ce7bb28d053421429?s=96&d=mm&r=g\",\"contentUrl\":\"https:\\\/\\\/secure.gravatar.com\\\/avatar\\\/9d2b4b69a47f4da8b4882ab10f1265d69e78e4123898420ce7bb28d053421429?s=96&d=mm&r=g\",\"caption\":\"Olga Vilacampa\"}}]}<\/script>\n<!-- \/ Yoast SEO plugin. -->","yoast_head_json":{"title":"Festival de m\u00fasica antigua Contratemps, 2023 | Visit Sant Cugat","description":"Consulta la programaci\u00f3n del Festival Contratemps 2023, del 8 al 17 SEPTIEMBRE. Conciertos, \u00f3pera, exposiciones, talleres, conferencias...","robots":{"index":"index","follow":"follow","max-snippet":"max-snippet:-1","max-image-preview":"max-image-preview:large","max-video-preview":"max-video-preview:-1"},"canonical":"https:\/\/visit.santcugat.cat\/es\/festival-de-musica-antigua-contratemps\/","og_locale":"es_ES","og_type":"article","og_title":"Festival de m\u00fasica antigua Contratemps, 2023 | Visit Sant Cugat","og_description":"Consulta la programaci\u00f3n del Festival Contratemps 2023, del 8 al 17 SEPTIEMBRE. Conciertos, \u00f3pera, exposiciones, talleres, conferencias...","og_url":"https:\/\/visit.santcugat.cat\/es\/festival-de-musica-antigua-contratemps\/","og_site_name":"Visit Sant Cugat","article_publisher":"https:\/\/www.facebook.com\/visitsantcugat\/","article_published_time":"2023-08-10T17:46:04+00:00","article_modified_time":"2023-09-04T14:27:53+00:00","og_image":[{"width":720,"height":382,"url":"https:\/\/visit.santcugat.cat\/wp-content\/uploads\/2023\/08\/contratemps-2023.jpg","type":"image\/jpeg"}],"author":"Olga Vilacampa","twitter_card":"summary_large_image","twitter_creator":"@ajsantcugat","twitter_site":"@ajsantcugat","twitter_misc":{"Escrito por":"Olga Vilacampa","Tiempo de lectura":"6 minutos"},"schema":{"@context":"https:\/\/schema.org","@graph":[{"@type":"Article","@id":"https:\/\/visit.santcugat.cat\/es\/festival-de-musica-antigua-contratemps\/#article","isPartOf":{"@id":"https:\/\/visit.santcugat.cat\/es\/festival-de-musica-antigua-contratemps\/"},"author":{"name":"Olga Vilacampa","@id":"https:\/\/visit.santcugat.cat\/fr\/#\/schema\/person\/1acc74ad6888512d7b8ae809c87a99a5"},"headline":"Festival de m\u00fasica antigua Contratemps, 2023","datePublished":"2023-08-10T17:46:04+00:00","dateModified":"2023-09-04T14:27:53+00:00","mainEntityOfPage":{"@id":"https:\/\/visit.santcugat.cat\/es\/festival-de-musica-antigua-contratemps\/"},"wordCount":1169,"commentCount":0,"publisher":{"@id":"https:\/\/visit.santcugat.cat\/fr\/#organization"},"image":{"@id":"https:\/\/visit.santcugat.cat\/es\/festival-de-musica-antigua-contratemps\/#primaryimage"},"thumbnailUrl":"https:\/\/visit.santcugat.cat\/wp-content\/uploads\/2023\/08\/contratemps-2023.jpg","articleSection":["Blog","Cultura y ocio","Eventos","General"],"inLanguage":"es","potentialAction":[{"@type":"CommentAction","name":"Comment","target":["https:\/\/visit.santcugat.cat\/es\/festival-de-musica-antigua-contratemps\/#respond"]}]},{"@type":"WebPage","@id":"https:\/\/visit.santcugat.cat\/es\/festival-de-musica-antigua-contratemps\/","url":"https:\/\/visit.santcugat.cat\/es\/festival-de-musica-antigua-contratemps\/","name":"Festival de m\u00fasica antigua Contratemps, 2023 | Visit Sant Cugat","isPartOf":{"@id":"https:\/\/visit.santcugat.cat\/fr\/#website"},"primaryImageOfPage":{"@id":"https:\/\/visit.santcugat.cat\/es\/festival-de-musica-antigua-contratemps\/#primaryimage"},"image":{"@id":"https:\/\/visit.santcugat.cat\/es\/festival-de-musica-antigua-contratemps\/#primaryimage"},"thumbnailUrl":"https:\/\/visit.santcugat.cat\/wp-content\/uploads\/2023\/08\/contratemps-2023.jpg","datePublished":"2023-08-10T17:46:04+00:00","dateModified":"2023-09-04T14:27:53+00:00","description":"Consulta la programaci\u00f3n del Festival Contratemps 2023, del 8 al 17 SEPTIEMBRE. Conciertos, \u00f3pera, exposiciones, talleres, conferencias...","breadcrumb":{"@id":"https:\/\/visit.santcugat.cat\/es\/festival-de-musica-antigua-contratemps\/#breadcrumb"},"inLanguage":"es","potentialAction":[{"@type":"ReadAction","target":["https:\/\/visit.santcugat.cat\/es\/festival-de-musica-antigua-contratemps\/"]}]},{"@type":"ImageObject","inLanguage":"es","@id":"https:\/\/visit.santcugat.cat\/es\/festival-de-musica-antigua-contratemps\/#primaryimage","url":"https:\/\/visit.santcugat.cat\/wp-content\/uploads\/2023\/08\/contratemps-2023.jpg","contentUrl":"https:\/\/visit.santcugat.cat\/wp-content\/uploads\/2023\/08\/contratemps-2023.jpg","width":720,"height":382,"caption":"Festival contratemps 2023"},{"@type":"BreadcrumbList","@id":"https:\/\/visit.santcugat.cat\/es\/festival-de-musica-antigua-contratemps\/#breadcrumb","itemListElement":[{"@type":"ListItem","position":1,"name":"Inici","item":"https:\/\/visit.santcugat.cat\/es\/"},{"@type":"ListItem","position":2,"name":"Festival de m\u00fasica antigua Contratemps, 2023"}]},{"@type":"WebSite","@id":"https:\/\/visit.santcugat.cat\/fr\/#website","url":"https:\/\/visit.santcugat.cat\/fr\/","name":"Visit Sant Cugat","description":"Turisme de Sant Cugat","publisher":{"@id":"https:\/\/visit.santcugat.cat\/fr\/#organization"},"potentialAction":[{"@type":"SearchAction","target":{"@type":"EntryPoint","urlTemplate":"https:\/\/visit.santcugat.cat\/fr\/?s={search_term_string}"},"query-input":{"@type":"PropertyValueSpecification","valueRequired":true,"valueName":"search_term_string"}}],"inLanguage":"es"},{"@type":"Organization","@id":"https:\/\/visit.santcugat.cat\/fr\/#organization","name":"Visit Sant Cugat - Turisme de Sant Cugat - Barcelona","url":"https:\/\/visit.santcugat.cat\/fr\/","logo":{"@type":"ImageObject","inLanguage":"es","@id":"https:\/\/visit.santcugat.cat\/fr\/#\/schema\/logo\/image\/","url":"https:\/\/visit.santcugat.cat\/wp-content\/uploads\/2020\/09\/logo.png","contentUrl":"https:\/\/visit.santcugat.cat\/wp-content\/uploads\/2020\/09\/logo.png","width":200,"height":44,"caption":"Visit Sant Cugat - Turisme de Sant Cugat - Barcelona"},"image":{"@id":"https:\/\/visit.santcugat.cat\/fr\/#\/schema\/logo\/image\/"},"sameAs":["https:\/\/www.facebook.com\/visitsantcugat\/","https:\/\/x.com\/ajsantcugat","https:\/\/www.instagram.com\/visitsantcugat\/","https:\/\/ca.wikipedia.org\/wiki\/Sant_Cugat_del_Vall\u00e8s"]},{"@type":"Person","@id":"https:\/\/visit.santcugat.cat\/fr\/#\/schema\/person\/1acc74ad6888512d7b8ae809c87a99a5","name":"Olga Vilacampa","image":{"@type":"ImageObject","inLanguage":"es","@id":"https:\/\/secure.gravatar.com\/avatar\/9d2b4b69a47f4da8b4882ab10f1265d69e78e4123898420ce7bb28d053421429?s=96&d=mm&r=g","url":"https:\/\/secure.gravatar.com\/avatar\/9d2b4b69a47f4da8b4882ab10f1265d69e78e4123898420ce7bb28d053421429?s=96&d=mm&r=g","contentUrl":"https:\/\/secure.gravatar.com\/avatar\/9d2b4b69a47f4da8b4882ab10f1265d69e78e4123898420ce7bb28d053421429?s=96&d=mm&r=g","caption":"Olga Vilacampa"}}]}},"_links":{"self":[{"href":"https:\/\/visit.santcugat.cat\/es\/wp-json\/wp\/v2\/posts\/38007","targetHints":{"allow":["GET"]}}],"collection":[{"href":"https:\/\/visit.santcugat.cat\/es\/wp-json\/wp\/v2\/posts"}],"about":[{"href":"https:\/\/visit.santcugat.cat\/es\/wp-json\/wp\/v2\/types\/post"}],"author":[{"embeddable":true,"href":"https:\/\/visit.santcugat.cat\/es\/wp-json\/wp\/v2\/users\/4"}],"replies":[{"embeddable":true,"href":"https:\/\/visit.santcugat.cat\/es\/wp-json\/wp\/v2\/comments?post=38007"}],"version-history":[{"count":5,"href":"https:\/\/visit.santcugat.cat\/es\/wp-json\/wp\/v2\/posts\/38007\/revisions"}],"predecessor-version":[{"id":38092,"href":"https:\/\/visit.santcugat.cat\/es\/wp-json\/wp\/v2\/posts\/38007\/revisions\/38092"}],"wp:featuredmedia":[{"embeddable":true,"href":"https:\/\/visit.santcugat.cat\/es\/wp-json\/wp\/v2\/media\/38002"}],"wp:attachment":[{"href":"https:\/\/visit.santcugat.cat\/es\/wp-json\/wp\/v2\/media?parent=38007"}],"wp:term":[{"taxonomy":"category","embeddable":true,"href":"https:\/\/visit.santcugat.cat\/es\/wp-json\/wp\/v2\/categories?post=38007"},{"taxonomy":"post_tag","embeddable":true,"href":"https:\/\/visit.santcugat.cat\/es\/wp-json\/wp\/v2\/tags?post=38007"}],"curies":[{"name":"wp","href":"https:\/\/api.w.org\/{rel}","templated":true}]}}