{"id":37134,"date":"2025-02-17T11:09:39","date_gmt":"2025-02-17T10:09:39","guid":{"rendered":"https:\/\/visit.santcugat.cat\/?p=37134"},"modified":"2025-03-04T10:07:55","modified_gmt":"2025-03-04T09:07:55","slug":"una-ruta-de-pelicula-en-sant-cugat","status":"publish","type":"post","link":"https:\/\/visit.santcugat.cat\/es\/una-ruta-de-pelicula-en-sant-cugat\/","title":{"rendered":"Una ruta de pel\u00edcula por Sant Cugat"},"content":{"rendered":"<div class=\"fusion-fullwidth fullwidth-box fusion-builder-row-1 fusion-flex-container nonhundred-percent-fullwidth non-hundred-percent-height-scrolling\" style=\"--awb-border-radius-top-left:0px;--awb-border-radius-top-right:0px;--awb-border-radius-bottom-right:0px;--awb-border-radius-bottom-left:0px;--awb-flex-wrap:wrap;\" ><div class=\"fusion-builder-row fusion-row fusion-flex-align-items-flex-start fusion-flex-content-wrap\" style=\"max-width:1216.8px;margin-left: calc(-4% \/ 2 );margin-right: calc(-4% \/ 2 );\"><div class=\"fusion-layout-column fusion_builder_column fusion-builder-column-0 fusion_builder_column_1_1 1_1 fusion-flex-column\" style=\"--awb-bg-blend:overlay;--awb-bg-size:cover;--awb-width-large:100%;--awb-margin-top-large:0px;--awb-spacing-right-large:1.92%;--awb-margin-bottom-large:0px;--awb-spacing-left-large:1.92%;--awb-width-medium:100%;--awb-spacing-right-medium:1.92%;--awb-spacing-left-medium:1.92%;--awb-width-small:100%;--awb-spacing-right-small:1.92%;--awb-spacing-left-small:1.92%;\"><div class=\"fusion-column-wrapper fusion-flex-justify-content-flex-start fusion-content-layout-column\"><div class=\"fusion-text fusion-text-1\"><p>\u00bfTe imaginas pasear por las mismas calles que tus personajes favoritos de cine y televisi\u00f3n? \u00bfO contemplar los mismos paisajes y escenarios de bellas historias de la peque\u00f1a y gran pantalla? \u00a1En Sant Cugat del Vall\u00e8s puedes hacerlo realidad! Sant Cugat es escenario de pel\u00edculas, series, anuncios y v\u00eddeos y en este post te presentamos algunos de los espacios m\u00e1s tops e inspiradores para que t\u00fa tambi\u00e9n puedas sentirte como un verdadero protagonista. Desde el majestuoso Monasterio de Sant Cugat hasta el gran parque natural de Collserola, \u00a1descubre los lugares que te llevar\u00e1n de la ficci\u00f3n a la realidad!<\/p>\n<div id=\"ez-toc-container\" class=\"ez-toc-v2_0_80 counter-hierarchy ez-toc-counter ez-toc-grey ez-toc-container-direction\">\n<div class=\"ez-toc-title-container\">\n<p class=\"ez-toc-title\" style=\"cursor:inherit\"><\/p>\n<span class=\"ez-toc-title-toggle\"><a href=\"#\" class=\"ez-toc-pull-right ez-toc-btn ez-toc-btn-xs ez-toc-btn-default ez-toc-toggle\" aria-label=\"Alternar tabla de contenidos\"><span class=\"ez-toc-js-icon-con\"><span class=\"\"><span class=\"eztoc-hide\" style=\"display:none;\">Toggle<\/span><span class=\"ez-toc-icon-toggle-span\"><svg style=\"fill: #999;color:#999\" xmlns=\"http:\/\/www.w3.org\/2000\/svg\" class=\"list-377408\" width=\"20px\" height=\"20px\" viewBox=\"0 0 24 24\" fill=\"none\"><path d=\"M6 6H4v2h2V6zm14 0H8v2h12V6zM4 11h2v2H4v-2zm16 0H8v2h12v-2zM4 16h2v2H4v-2zm16 0H8v2h12v-2z\" fill=\"currentColor\"><\/path><\/svg><svg style=\"fill: #999;color:#999\" class=\"arrow-unsorted-368013\" xmlns=\"http:\/\/www.w3.org\/2000\/svg\" width=\"10px\" height=\"10px\" viewBox=\"0 0 24 24\" version=\"1.2\" baseProfile=\"tiny\"><path d=\"M18.2 9.3l-6.2-6.3-6.2 6.3c-.2.2-.3.4-.3.7s.1.5.3.7c.2.2.4.3.7.3h11c.3 0 .5-.1.7-.3.2-.2.3-.5.3-.7s-.1-.5-.3-.7zM5.8 14.7l6.2 6.3 6.2-6.3c.2-.2.3-.5.3-.7s-.1-.5-.3-.7c-.2-.2-.4-.3-.7-.3h-11c-.3 0-.5.1-.7.3-.2.2-.3.5-.3.7s.1.5.3.7z\"\/><\/svg><\/span><\/span><\/span><\/a><\/span><\/div>\n<nav><ul class='ez-toc-list ez-toc-list-level-1 ' ><li class='ez-toc-page-1 ez-toc-heading-level-2'><a class=\"ez-toc-link ez-toc-heading-1\" href=\"https:\/\/visit.santcugat.cat\/es\/una-ruta-de-pelicula-en-sant-cugat\/#El_Monasterio_de_Sant_Cugat_y_su_claustro_romanico_un_escenario_de_pelicula\" >El Monasterio de Sant Cugat y su claustro rom\u00e1nico: un escenario de pel\u00edcula<\/a><\/li><li class='ez-toc-page-1 ez-toc-heading-level-2'><a class=\"ez-toc-link ez-toc-heading-2\" href=\"https:\/\/visit.santcugat.cat\/es\/una-ruta-de-pelicula-en-sant-cugat\/#La_calle_Clementina_Arderiu_gran_espacio_urbano\" >La calle Clementina Arderiu, gran espacio urbano<\/a><\/li><li class='ez-toc-page-1 ez-toc-heading-level-2'><a class=\"ez-toc-link ez-toc-heading-3\" href=\"https:\/\/visit.santcugat.cat\/es\/una-ruta-de-pelicula-en-sant-cugat\/#Paseo_Pompeu_Fabra_un_escenario_de_anuncio_en_Sant_Cugat\" >Paseo Pompeu Fabra, un escenario de anuncio en Sant Cugat<\/a><\/li><li class='ez-toc-page-1 ez-toc-heading-level-2'><a class=\"ez-toc-link ez-toc-heading-4\" href=\"https:\/\/visit.santcugat.cat\/es\/una-ruta-de-pelicula-en-sant-cugat\/#Mercantic_un_escenario_vintage_lleno_de_curiosidades\" >Mercantic, un escenario vintage lleno de curiosidades<\/a><\/li><li class='ez-toc-page-1 ez-toc-heading-level-2'><a class=\"ez-toc-link ez-toc-heading-5\" href=\"https:\/\/visit.santcugat.cat\/es\/una-ruta-de-pelicula-en-sant-cugat\/#El_Pino_den_Xandri_un_espacio_natural_para_tu_rodaje_en_Sant_Cugat\" >El Pino d\u2019en Xandri, un espacio natural para tu rodaje en Sant Cugat<\/a><\/li><li class='ez-toc-page-1 ez-toc-heading-level-2'><a class=\"ez-toc-link ez-toc-heading-6\" href=\"https:\/\/visit.santcugat.cat\/es\/una-ruta-de-pelicula-en-sant-cugat\/#Una_ruta_de_pelicula_para_tus_proximos_proyecto_Sant_Cugat_city_of_film\" >Una ruta de pel\u00edcula para tus pr\u00f3ximos proyecto. Sant Cugat city of film.<\/a><\/li><\/ul><\/nav><\/div>\n<h2 class=\"\" style=\"--fontsize: 26; line-height: 1.69;\" data-fontsize=\"26\" data-lineheight=\"43.94px\"><span class=\"ez-toc-section\" id=\"El_Monasterio_de_Sant_Cugat_y_su_claustro_romanico_un_escenario_de_pelicula\"><\/span>El Monasterio de Sant Cugat y su claustro rom\u00e1nico: un escenario de pel\u00edcula<span class=\"ez-toc-section-end\"><\/span><\/h2>\n<p>El Monasterio de Sant Cugat es uno de los sitios m\u00e1s emblem\u00e1ticos de la ciudad, con una rica historia y una arquitectura impresionante. Su claustro nos ofrece 144 capiteles \u00fanicos, es una joya del rom\u00e1nico europeo, ha sido utilizado como escenario de varios rodajes, como la serie hist\u00f3rica &#8220;Ermessenda&#8221;. Si quieres sentirte como un personaje de pel\u00edcula, no puedes dejar de visitarlo.<\/p>\n<p><a class=\"fusion-no-lightbox\" href=\"https:\/\/www.ccma.cat\/tv3\/ermessenda\/capitols\/\" target=\"_blank\" rel=\"noopener nofollow\"><img decoding=\"async\" class=\"aligncenter wp-image-37352 size-full\" title=\"Ermessenda. Escenarios de pel\u00edcula en sant cugat\" src=\"https:\/\/visit.santcugat.cat\/wp-content\/uploads\/2023\/05\/ermessenda-film-comission-sant-cugat.webp\" alt=\"Ermessenda. Escenarios de pel\u00edcula en sant cugat\" width=\"670\" height=\"378\" srcset=\"https:\/\/visit.santcugat.cat\/wp-content\/uploads\/2023\/05\/ermessenda-film-comission-sant-cugat-200x113.webp 200w, https:\/\/visit.santcugat.cat\/wp-content\/uploads\/2023\/05\/ermessenda-film-comission-sant-cugat-300x169.webp 300w, https:\/\/visit.santcugat.cat\/wp-content\/uploads\/2023\/05\/ermessenda-film-comission-sant-cugat-400x226.webp 400w, https:\/\/visit.santcugat.cat\/wp-content\/uploads\/2023\/05\/ermessenda-film-comission-sant-cugat-600x339.webp 600w, https:\/\/visit.santcugat.cat\/wp-content\/uploads\/2023\/05\/ermessenda-film-comission-sant-cugat.webp 670w\" sizes=\"(max-width: 670px) 100vw, 670px\" \/><\/a><\/p>\n<p><em>Haz clic en la imagen y podr\u00e1s ver la serie de dos cap\u00edtulos, muy recomendable.<\/em><\/p>\n<h2 class=\"\" style=\"--fontsize: 26; line-height: 1.69;\" data-fontsize=\"26\" data-lineheight=\"43.94px\"><span class=\"ez-toc-section\" id=\"La_calle_Clementina_Arderiu_gran_espacio_urbano\"><\/span>La calle Clementina Arderiu, gran espacio urbano<span class=\"ez-toc-section-end\"><\/span><\/h2>\n<p>La calle Clementina Arderiu, situada en Mira-sol, es una excelente opci\u00f3n para filmaciones urbanas. Sus tres carriles de tr\u00e1fico pacificado est\u00e1n rodeados de vegetaci\u00f3n y ofrecen una amplia variedad de \u00e1ngulos y perspectivas. Su amplitud permite una f\u00e1cil log\u00edstica para el rodaje y el equipo de producci\u00f3n. En este lugar, se puede lograr una excelente calidad en las tomas, gracias a la gran cantidad de luz natural que se filtra entre los \u00e1rboles y los edificios aleda\u00f1os.<\/p>\n<p>Ha sido una de las localizaciones del rodaje de la pel\u00edcula Marlow, protagonizada por Lian Neeson, tambi\u00e9n rodada en otros sitios de Sant Cugat como la carretera de Vallvidrera y la avenida Piscina. La pel\u00edcula se estrena en mayo de 2023, aqu\u00ed os dejamos el tr\u00e1iler de la pel\u00edcula.<\/p>\n<div class=\"video-shortcode\"><iframe class=\"fusion-hidden\" data-privacy-type=\"youtube\" src=\"\" title=\"Marlowe - Tr\u00e1iler Oficial en Espa\u00f1ol\" width=\"1170\" height=\"658\" data-privacy-src=\"https:\/\/www.youtube.com\/embed\/vGv9zk6roDM?feature=oembed\" frameborder=\"0\" allow=\"accelerometer; autoplay; clipboard-write; encrypted-media; gyroscope; picture-in-picture; web-share\" allowfullscreen><\/iframe><\/p>\n<div class=\"fusion-privacy-placeholder\" style=\"width:1170px; height:658px;\" data-privacy-type=\"youtube\">\n<div class=\"fusion-privacy-placeholder-content\">\n<div class=\"fusion-privacy-label\">Por razones de privacidad YouTube necesita tu permiso para cargarse.<\/div>\n<p><button data-privacy-type=\"youtube\" class=\"fusion-button button-default fusion-button-default-size button fusion-privacy-consent\">I Accept<\/button><\/div>\n<\/div>\n<\/div>\n<h2 class=\"\" style=\"--fontsize: 26; line-height: 1.69;\" data-fontsize=\"26\" data-lineheight=\"43.94px\"><span class=\"ez-toc-section\" id=\"Paseo_Pompeu_Fabra_un_escenario_de_anuncio_en_Sant_Cugat\"><\/span>Paseo Pompeu Fabra, un escenario de anuncio en Sant Cugat<span class=\"ez-toc-section-end\"><\/span><\/h2>\n<p>El paseo Pompeu Fabra es una amplia avenida que cuenta con una calle en forma de elipse y en su centro se encuentra una extensa \u00e1rea ajardinada. Esta caracter\u00edstica permite tener m\u00faltiples perspectivas en un solo espacio, lo que lo convierte en un punto ideal para filmaciones. El recorrido est\u00e1 flanqueado por viviendas de baja altura y una amplia zona ajardinada que lo hace a\u00fan m\u00e1s atractivo. Compru\u00e9balo tu mismo y experimenta las diferentes perspectivas.<\/p>\n<p>Aqu\u00ed se rod\u00f3 uno de los episodios del programa de TV3, el <i>Foraster<\/i>.<\/p>\n<p><img decoding=\"async\" class=\"aligncenter wp-image-37282 size-full\" title=\"El foraster. Rodado en Sant Cugat del Vall\u00e8s\" src=\"https:\/\/visit.santcugat.cat\/wp-content\/uploads\/2023\/04\/el-foraster-sant-cugat.jpg\" alt=\"El foraster. Rodado en Sant Cugat del Vall\u00e8s\" width=\"602\" height=\"300\" srcset=\"https:\/\/visit.santcugat.cat\/wp-content\/uploads\/2023\/04\/el-foraster-sant-cugat-200x100.jpg 200w, https:\/\/visit.santcugat.cat\/wp-content\/uploads\/2023\/04\/el-foraster-sant-cugat-300x150.jpg 300w, https:\/\/visit.santcugat.cat\/wp-content\/uploads\/2023\/04\/el-foraster-sant-cugat-400x199.jpg 400w, https:\/\/visit.santcugat.cat\/wp-content\/uploads\/2023\/04\/el-foraster-sant-cugat-600x299.jpg 600w, https:\/\/visit.santcugat.cat\/wp-content\/uploads\/2023\/04\/el-foraster-sant-cugat.jpg 602w\" sizes=\"(max-width: 602px) 100vw, 602px\" \/><\/p>\n<h2 class=\"\" style=\"--fontsize: 26; line-height: 1.69;\" data-fontsize=\"26\" data-lineheight=\"43.94px\"><span class=\"ez-toc-section\" id=\"Mercantic_un_escenario_vintage_lleno_de_curiosidades\"><\/span>Mercantic, un escenario vintage lleno de curiosidades<span class=\"ez-toc-section-end\"><\/span><\/h2>\n<p>Mercantic es un mercado con encanto situado muy cerca de la estaci\u00f3n de FGC Volpelleres. Este lugar ha sido utilizado como escenario de videoclips y anuncios, como la canci\u00f3n \u201cLa venda\u201d del cantante Miki N\u00fa\u00f1ez que se present\u00f3 en Eurovisi\u00f3n. Mercantic es como un pueblo vintage, lleno de vida, ofrece gastronom\u00eda, antig\u00fcedades, objetos curiosos y m\u00fasica, con un ambiente incomparable. Est\u00e1 abierto de martes a domingo, aunque son los fines de semana cuando hay m\u00e1s actividades y comerciantes.<\/p>\n<div class=\"video-shortcode\"><iframe class=\"fusion-hidden\" data-privacy-type=\"youtube\" src=\"\" title=\"Miki N\u00fa\u00f1ez - La Venda (Eurovision Song Contest \/ Tel Aviv 2019)\" width=\"1170\" height=\"658\" data-privacy-src=\"https:\/\/www.youtube.com\/embed\/eWEFU2c3tBI?feature=oembed\" frameborder=\"0\" allow=\"accelerometer; autoplay; clipboard-write; encrypted-media; gyroscope; picture-in-picture; web-share\" allowfullscreen><\/iframe><\/p>\n<div class=\"fusion-privacy-placeholder\" style=\"width:1170px; height:658px;\" data-privacy-type=\"youtube\">\n<div class=\"fusion-privacy-placeholder-content\">\n<div class=\"fusion-privacy-label\">Por razones de privacidad YouTube necesita tu permiso para cargarse.<\/div>\n<p><button data-privacy-type=\"youtube\" class=\"fusion-button button-default fusion-button-default-size button fusion-privacy-consent\">I Accept<\/button><\/div>\n<\/div>\n<\/div>\n<h2 class=\"\" style=\"--fontsize: 26; line-height: 1.69;\" data-fontsize=\"26\" data-lineheight=\"43.94px\"><span class=\"ez-toc-section\" id=\"El_Pino_den_Xandri_un_espacio_natural_para_tu_rodaje_en_Sant_Cugat\"><\/span>El Pino d\u2019en Xandri, un espacio natural para tu rodaje en Sant Cugat<span class=\"ez-toc-section-end\"><\/span><\/h2>\n<p>El Pino d&#8217;en Xandri es un pino monumental situado en Collserola. Este impresionante \u00e1rbol ha sido utilizado como escenario de diferentes rodajes. Si quieres capturar im\u00e1genes y videos \u00fanicos en un lugar m\u00e1gico rodeado de naturaleza, el Pino d\u2019en Xandri es el lugar perfecto para visitar.<\/p>\n<p><img decoding=\"async\" class=\"aligncenter wp-image-26969 size-full\" src=\"https:\/\/visit.santcugat.cat\/wp-content\/uploads\/2021\/06\/pi-amb-crosses-xandri-e1623755568612.jpeg\" alt=\"Pino d'en Xandri\" width=\"550\" height=\"301\" \/><\/p>\n<h2 class=\"fusion-responsive-typography-calculated\" style=\"--fontsize: 26; line-height: 1.69;\" data-fontsize=\"26\" data-lineheight=\"43.94px\"><span class=\"ez-toc-section\" id=\"Una_ruta_de_pelicula_para_tus_proximos_proyecto_Sant_Cugat_city_of_film\"><\/span>Una ruta de pel\u00edcula para tus pr\u00f3ximos proyecto. Sant Cugat city of film.<span class=\"ez-toc-section-end\"><\/span><\/h2>\n<p>Espero que te hayan gustado los cinco escenarios seleccionados. No te los pierdas y atr\u00e9vete a utilizarlos como escenarios para tus pr\u00f3ximos proyectos o como paradas imprescindibles en tu visita a Sant Cugat del Vall\u00e8s.<\/p>\n<p>Ponte en contacto con la <a href=\"https:\/\/visit.santcugat.cat\/es\/oficina-de-turismo\/\" target=\"_blank\" rel=\"noopener\">Oficina de Turismo de Sant Cugat<\/a> y consulta la p\u00e1gina de <a href=\"https:\/\/visit.santcugat.cat\/es\/cityoffilm\/\" target=\"_blank\" rel=\"noopener\">Sant Cugat city of film<\/a>, all\u00ed encontrar\u00e1s informaci\u00f3n de localizaciones y enlaces para tramitar permisos.<\/p>\n<\/div><\/div><\/div><\/div><\/div>\n","protected":false},"excerpt":{"rendered":"","protected":false},"author":4,"featured_media":37445,"comment_status":"open","ping_status":"open","sticky":false,"template":"","format":"standard","meta":{"_joinchat":[],"footnotes":""},"categories":[328,213,9],"tags":[],"class_list":["post-37134","post","type-post","status-publish","format-standard","has-post-thumbnail","hentry","category-blog-es","category-cultura-y-ocio","category-sin-categorizar"],"yoast_head":"<!-- This site is optimized with the Yoast SEO plugin v27.4 - https:\/\/yoast.com\/product\/yoast-seo-wordpress\/ -->\n<title>Una ruta de pel\u00edcula por Sant Cugat | Visit Sant Cugat<\/title>\n<meta name=\"description\" content=\"Te hemos preparado una ruta de pel\u00edcula por cinco espacios de Sant Cugat, pasear y descobrir escenarios de rodaje\" \/>\n<meta name=\"robots\" content=\"index, follow, max-snippet:-1, max-image-preview:large, max-video-preview:-1\" \/>\n<link rel=\"canonical\" href=\"https:\/\/visit.santcugat.cat\/es\/una-ruta-de-pelicula-en-sant-cugat\/\" \/>\n<meta property=\"og:locale\" content=\"es_ES\" \/>\n<meta property=\"og:type\" content=\"article\" \/>\n<meta property=\"og:title\" content=\"Una ruta de pel\u00edcula por Sant Cugat | Visit Sant Cugat\" \/>\n<meta property=\"og:description\" content=\"Te hemos preparado una ruta de pel\u00edcula por cinco espacios de Sant Cugat, pasear y descobrir escenarios de rodaje\" \/>\n<meta property=\"og:url\" content=\"https:\/\/visit.santcugat.cat\/es\/una-ruta-de-pelicula-en-sant-cugat\/\" \/>\n<meta property=\"og:site_name\" content=\"Visit Sant Cugat\" \/>\n<meta property=\"article:publisher\" content=\"https:\/\/www.facebook.com\/visitsantcugat\/\" \/>\n<meta property=\"article:published_time\" content=\"2025-02-17T10:09:39+00:00\" \/>\n<meta property=\"article:modified_time\" content=\"2025-03-04T09:07:55+00:00\" \/>\n<meta property=\"og:image\" content=\"https:\/\/visit.santcugat.cat\/wp-content\/uploads\/2023\/05\/marlow2-e1685433523867.jpg\" \/>\n\t<meta property=\"og:image:width\" content=\"710\" \/>\n\t<meta property=\"og:image:height\" content=\"386\" \/>\n\t<meta property=\"og:image:type\" content=\"image\/jpeg\" \/>\n<meta name=\"author\" content=\"Olga Vilacampa\" \/>\n<meta name=\"twitter:card\" content=\"summary_large_image\" \/>\n<meta name=\"twitter:creator\" content=\"@ajsantcugat\" \/>\n<meta name=\"twitter:site\" content=\"@ajsantcugat\" \/>\n<meta name=\"twitter:label1\" content=\"Escrito por\" \/>\n\t<meta name=\"twitter:data1\" content=\"Olga Vilacampa\" \/>\n\t<meta name=\"twitter:label2\" content=\"Tiempo de lectura\" \/>\n\t<meta name=\"twitter:data2\" content=\"5 minutos\" \/>\n<script type=\"application\/ld+json\" class=\"yoast-schema-graph\">{\"@context\":\"https:\\\/\\\/schema.org\",\"@graph\":[{\"@type\":\"Article\",\"@id\":\"https:\\\/\\\/visit.santcugat.cat\\\/es\\\/una-ruta-de-pelicula-en-sant-cugat\\\/#article\",\"isPartOf\":{\"@id\":\"https:\\\/\\\/visit.santcugat.cat\\\/es\\\/una-ruta-de-pelicula-en-sant-cugat\\\/\"},\"author\":{\"name\":\"Olga Vilacampa\",\"@id\":\"https:\\\/\\\/visit.santcugat.cat\\\/fr\\\/#\\\/schema\\\/person\\\/1acc74ad6888512d7b8ae809c87a99a5\"},\"headline\":\"Una ruta de pel\u00edcula por Sant Cugat\",\"datePublished\":\"2025-02-17T10:09:39+00:00\",\"dateModified\":\"2025-03-04T09:07:55+00:00\",\"mainEntityOfPage\":{\"@id\":\"https:\\\/\\\/visit.santcugat.cat\\\/es\\\/una-ruta-de-pelicula-en-sant-cugat\\\/\"},\"wordCount\":920,\"commentCount\":0,\"publisher\":{\"@id\":\"https:\\\/\\\/visit.santcugat.cat\\\/fr\\\/#organization\"},\"image\":{\"@id\":\"https:\\\/\\\/visit.santcugat.cat\\\/es\\\/una-ruta-de-pelicula-en-sant-cugat\\\/#primaryimage\"},\"thumbnailUrl\":\"https:\\\/\\\/visit.santcugat.cat\\\/wp-content\\\/uploads\\\/2023\\\/05\\\/marlow2-e1685433523867.jpg\",\"articleSection\":[\"Blog\",\"Cultura y ocio\",\"General\"],\"inLanguage\":\"es\",\"potentialAction\":[{\"@type\":\"CommentAction\",\"name\":\"Comment\",\"target\":[\"https:\\\/\\\/visit.santcugat.cat\\\/es\\\/una-ruta-de-pelicula-en-sant-cugat\\\/#respond\"]}]},{\"@type\":\"WebPage\",\"@id\":\"https:\\\/\\\/visit.santcugat.cat\\\/es\\\/una-ruta-de-pelicula-en-sant-cugat\\\/\",\"url\":\"https:\\\/\\\/visit.santcugat.cat\\\/es\\\/una-ruta-de-pelicula-en-sant-cugat\\\/\",\"name\":\"Una ruta de pel\u00edcula por Sant Cugat | Visit Sant Cugat\",\"isPartOf\":{\"@id\":\"https:\\\/\\\/visit.santcugat.cat\\\/fr\\\/#website\"},\"primaryImageOfPage\":{\"@id\":\"https:\\\/\\\/visit.santcugat.cat\\\/es\\\/una-ruta-de-pelicula-en-sant-cugat\\\/#primaryimage\"},\"image\":{\"@id\":\"https:\\\/\\\/visit.santcugat.cat\\\/es\\\/una-ruta-de-pelicula-en-sant-cugat\\\/#primaryimage\"},\"thumbnailUrl\":\"https:\\\/\\\/visit.santcugat.cat\\\/wp-content\\\/uploads\\\/2023\\\/05\\\/marlow2-e1685433523867.jpg\",\"datePublished\":\"2025-02-17T10:09:39+00:00\",\"dateModified\":\"2025-03-04T09:07:55+00:00\",\"description\":\"Te hemos preparado una ruta de pel\u00edcula por cinco espacios de Sant Cugat, pasear y descobrir escenarios de rodaje\",\"breadcrumb\":{\"@id\":\"https:\\\/\\\/visit.santcugat.cat\\\/es\\\/una-ruta-de-pelicula-en-sant-cugat\\\/#breadcrumb\"},\"inLanguage\":\"es\",\"potentialAction\":[{\"@type\":\"ReadAction\",\"target\":[\"https:\\\/\\\/visit.santcugat.cat\\\/es\\\/una-ruta-de-pelicula-en-sant-cugat\\\/\"]}]},{\"@type\":\"ImageObject\",\"inLanguage\":\"es\",\"@id\":\"https:\\\/\\\/visit.santcugat.cat\\\/es\\\/una-ruta-de-pelicula-en-sant-cugat\\\/#primaryimage\",\"url\":\"https:\\\/\\\/visit.santcugat.cat\\\/wp-content\\\/uploads\\\/2023\\\/05\\\/marlow2-e1685433523867.jpg\",\"contentUrl\":\"https:\\\/\\\/visit.santcugat.cat\\\/wp-content\\\/uploads\\\/2023\\\/05\\\/marlow2-e1685433523867.jpg\",\"width\":710,\"height\":386,\"caption\":\"marlow la floresta\"},{\"@type\":\"BreadcrumbList\",\"@id\":\"https:\\\/\\\/visit.santcugat.cat\\\/es\\\/una-ruta-de-pelicula-en-sant-cugat\\\/#breadcrumb\",\"itemListElement\":[{\"@type\":\"ListItem\",\"position\":1,\"name\":\"Inici\",\"item\":\"https:\\\/\\\/visit.santcugat.cat\\\/es\\\/\"},{\"@type\":\"ListItem\",\"position\":2,\"name\":\"Una ruta de pel\u00edcula por Sant Cugat\"}]},{\"@type\":\"WebSite\",\"@id\":\"https:\\\/\\\/visit.santcugat.cat\\\/fr\\\/#website\",\"url\":\"https:\\\/\\\/visit.santcugat.cat\\\/fr\\\/\",\"name\":\"Visit Sant Cugat\",\"description\":\"Turisme de Sant Cugat\",\"publisher\":{\"@id\":\"https:\\\/\\\/visit.santcugat.cat\\\/fr\\\/#organization\"},\"potentialAction\":[{\"@type\":\"SearchAction\",\"target\":{\"@type\":\"EntryPoint\",\"urlTemplate\":\"https:\\\/\\\/visit.santcugat.cat\\\/fr\\\/?s={search_term_string}\"},\"query-input\":{\"@type\":\"PropertyValueSpecification\",\"valueRequired\":true,\"valueName\":\"search_term_string\"}}],\"inLanguage\":\"es\"},{\"@type\":\"Organization\",\"@id\":\"https:\\\/\\\/visit.santcugat.cat\\\/fr\\\/#organization\",\"name\":\"Visit Sant Cugat - Turisme de Sant Cugat - Barcelona\",\"url\":\"https:\\\/\\\/visit.santcugat.cat\\\/fr\\\/\",\"logo\":{\"@type\":\"ImageObject\",\"inLanguage\":\"es\",\"@id\":\"https:\\\/\\\/visit.santcugat.cat\\\/fr\\\/#\\\/schema\\\/logo\\\/image\\\/\",\"url\":\"https:\\\/\\\/visit.santcugat.cat\\\/wp-content\\\/uploads\\\/2020\\\/09\\\/logo.png\",\"contentUrl\":\"https:\\\/\\\/visit.santcugat.cat\\\/wp-content\\\/uploads\\\/2020\\\/09\\\/logo.png\",\"width\":200,\"height\":44,\"caption\":\"Visit Sant Cugat - Turisme de Sant Cugat - Barcelona\"},\"image\":{\"@id\":\"https:\\\/\\\/visit.santcugat.cat\\\/fr\\\/#\\\/schema\\\/logo\\\/image\\\/\"},\"sameAs\":[\"https:\\\/\\\/www.facebook.com\\\/visitsantcugat\\\/\",\"https:\\\/\\\/x.com\\\/ajsantcugat\",\"https:\\\/\\\/www.instagram.com\\\/visitsantcugat\\\/\",\"https:\\\/\\\/ca.wikipedia.org\\\/wiki\\\/Sant_Cugat_del_Vall\u00e8s\"]},{\"@type\":\"Person\",\"@id\":\"https:\\\/\\\/visit.santcugat.cat\\\/fr\\\/#\\\/schema\\\/person\\\/1acc74ad6888512d7b8ae809c87a99a5\",\"name\":\"Olga Vilacampa\",\"image\":{\"@type\":\"ImageObject\",\"inLanguage\":\"es\",\"@id\":\"https:\\\/\\\/secure.gravatar.com\\\/avatar\\\/9d2b4b69a47f4da8b4882ab10f1265d69e78e4123898420ce7bb28d053421429?s=96&d=mm&r=g\",\"url\":\"https:\\\/\\\/secure.gravatar.com\\\/avatar\\\/9d2b4b69a47f4da8b4882ab10f1265d69e78e4123898420ce7bb28d053421429?s=96&d=mm&r=g\",\"contentUrl\":\"https:\\\/\\\/secure.gravatar.com\\\/avatar\\\/9d2b4b69a47f4da8b4882ab10f1265d69e78e4123898420ce7bb28d053421429?s=96&d=mm&r=g\",\"caption\":\"Olga Vilacampa\"}}]}<\/script>\n<!-- \/ Yoast SEO plugin. -->","yoast_head_json":{"title":"Una ruta de pel\u00edcula por Sant Cugat | Visit Sant Cugat","description":"Te hemos preparado una ruta de pel\u00edcula por cinco espacios de Sant Cugat, pasear y descobrir escenarios de rodaje","robots":{"index":"index","follow":"follow","max-snippet":"max-snippet:-1","max-image-preview":"max-image-preview:large","max-video-preview":"max-video-preview:-1"},"canonical":"https:\/\/visit.santcugat.cat\/es\/una-ruta-de-pelicula-en-sant-cugat\/","og_locale":"es_ES","og_type":"article","og_title":"Una ruta de pel\u00edcula por Sant Cugat | Visit Sant Cugat","og_description":"Te hemos preparado una ruta de pel\u00edcula por cinco espacios de Sant Cugat, pasear y descobrir escenarios de rodaje","og_url":"https:\/\/visit.santcugat.cat\/es\/una-ruta-de-pelicula-en-sant-cugat\/","og_site_name":"Visit Sant Cugat","article_publisher":"https:\/\/www.facebook.com\/visitsantcugat\/","article_published_time":"2025-02-17T10:09:39+00:00","article_modified_time":"2025-03-04T09:07:55+00:00","og_image":[{"width":710,"height":386,"url":"https:\/\/visit.santcugat.cat\/wp-content\/uploads\/2023\/05\/marlow2-e1685433523867.jpg","type":"image\/jpeg"}],"author":"Olga Vilacampa","twitter_card":"summary_large_image","twitter_creator":"@ajsantcugat","twitter_site":"@ajsantcugat","twitter_misc":{"Escrito por":"Olga Vilacampa","Tiempo de lectura":"5 minutos"},"schema":{"@context":"https:\/\/schema.org","@graph":[{"@type":"Article","@id":"https:\/\/visit.santcugat.cat\/es\/una-ruta-de-pelicula-en-sant-cugat\/#article","isPartOf":{"@id":"https:\/\/visit.santcugat.cat\/es\/una-ruta-de-pelicula-en-sant-cugat\/"},"author":{"name":"Olga Vilacampa","@id":"https:\/\/visit.santcugat.cat\/fr\/#\/schema\/person\/1acc74ad6888512d7b8ae809c87a99a5"},"headline":"Una ruta de pel\u00edcula por Sant Cugat","datePublished":"2025-02-17T10:09:39+00:00","dateModified":"2025-03-04T09:07:55+00:00","mainEntityOfPage":{"@id":"https:\/\/visit.santcugat.cat\/es\/una-ruta-de-pelicula-en-sant-cugat\/"},"wordCount":920,"commentCount":0,"publisher":{"@id":"https:\/\/visit.santcugat.cat\/fr\/#organization"},"image":{"@id":"https:\/\/visit.santcugat.cat\/es\/una-ruta-de-pelicula-en-sant-cugat\/#primaryimage"},"thumbnailUrl":"https:\/\/visit.santcugat.cat\/wp-content\/uploads\/2023\/05\/marlow2-e1685433523867.jpg","articleSection":["Blog","Cultura y ocio","General"],"inLanguage":"es","potentialAction":[{"@type":"CommentAction","name":"Comment","target":["https:\/\/visit.santcugat.cat\/es\/una-ruta-de-pelicula-en-sant-cugat\/#respond"]}]},{"@type":"WebPage","@id":"https:\/\/visit.santcugat.cat\/es\/una-ruta-de-pelicula-en-sant-cugat\/","url":"https:\/\/visit.santcugat.cat\/es\/una-ruta-de-pelicula-en-sant-cugat\/","name":"Una ruta de pel\u00edcula por Sant Cugat | Visit Sant Cugat","isPartOf":{"@id":"https:\/\/visit.santcugat.cat\/fr\/#website"},"primaryImageOfPage":{"@id":"https:\/\/visit.santcugat.cat\/es\/una-ruta-de-pelicula-en-sant-cugat\/#primaryimage"},"image":{"@id":"https:\/\/visit.santcugat.cat\/es\/una-ruta-de-pelicula-en-sant-cugat\/#primaryimage"},"thumbnailUrl":"https:\/\/visit.santcugat.cat\/wp-content\/uploads\/2023\/05\/marlow2-e1685433523867.jpg","datePublished":"2025-02-17T10:09:39+00:00","dateModified":"2025-03-04T09:07:55+00:00","description":"Te hemos preparado una ruta de pel\u00edcula por cinco espacios de Sant Cugat, pasear y descobrir escenarios de rodaje","breadcrumb":{"@id":"https:\/\/visit.santcugat.cat\/es\/una-ruta-de-pelicula-en-sant-cugat\/#breadcrumb"},"inLanguage":"es","potentialAction":[{"@type":"ReadAction","target":["https:\/\/visit.santcugat.cat\/es\/una-ruta-de-pelicula-en-sant-cugat\/"]}]},{"@type":"ImageObject","inLanguage":"es","@id":"https:\/\/visit.santcugat.cat\/es\/una-ruta-de-pelicula-en-sant-cugat\/#primaryimage","url":"https:\/\/visit.santcugat.cat\/wp-content\/uploads\/2023\/05\/marlow2-e1685433523867.jpg","contentUrl":"https:\/\/visit.santcugat.cat\/wp-content\/uploads\/2023\/05\/marlow2-e1685433523867.jpg","width":710,"height":386,"caption":"marlow la floresta"},{"@type":"BreadcrumbList","@id":"https:\/\/visit.santcugat.cat\/es\/una-ruta-de-pelicula-en-sant-cugat\/#breadcrumb","itemListElement":[{"@type":"ListItem","position":1,"name":"Inici","item":"https:\/\/visit.santcugat.cat\/es\/"},{"@type":"ListItem","position":2,"name":"Una ruta de pel\u00edcula por Sant Cugat"}]},{"@type":"WebSite","@id":"https:\/\/visit.santcugat.cat\/fr\/#website","url":"https:\/\/visit.santcugat.cat\/fr\/","name":"Visit Sant Cugat","description":"Turisme de Sant Cugat","publisher":{"@id":"https:\/\/visit.santcugat.cat\/fr\/#organization"},"potentialAction":[{"@type":"SearchAction","target":{"@type":"EntryPoint","urlTemplate":"https:\/\/visit.santcugat.cat\/fr\/?s={search_term_string}"},"query-input":{"@type":"PropertyValueSpecification","valueRequired":true,"valueName":"search_term_string"}}],"inLanguage":"es"},{"@type":"Organization","@id":"https:\/\/visit.santcugat.cat\/fr\/#organization","name":"Visit Sant Cugat - Turisme de Sant Cugat - Barcelona","url":"https:\/\/visit.santcugat.cat\/fr\/","logo":{"@type":"ImageObject","inLanguage":"es","@id":"https:\/\/visit.santcugat.cat\/fr\/#\/schema\/logo\/image\/","url":"https:\/\/visit.santcugat.cat\/wp-content\/uploads\/2020\/09\/logo.png","contentUrl":"https:\/\/visit.santcugat.cat\/wp-content\/uploads\/2020\/09\/logo.png","width":200,"height":44,"caption":"Visit Sant Cugat - Turisme de Sant Cugat - Barcelona"},"image":{"@id":"https:\/\/visit.santcugat.cat\/fr\/#\/schema\/logo\/image\/"},"sameAs":["https:\/\/www.facebook.com\/visitsantcugat\/","https:\/\/x.com\/ajsantcugat","https:\/\/www.instagram.com\/visitsantcugat\/","https:\/\/ca.wikipedia.org\/wiki\/Sant_Cugat_del_Vall\u00e8s"]},{"@type":"Person","@id":"https:\/\/visit.santcugat.cat\/fr\/#\/schema\/person\/1acc74ad6888512d7b8ae809c87a99a5","name":"Olga Vilacampa","image":{"@type":"ImageObject","inLanguage":"es","@id":"https:\/\/secure.gravatar.com\/avatar\/9d2b4b69a47f4da8b4882ab10f1265d69e78e4123898420ce7bb28d053421429?s=96&d=mm&r=g","url":"https:\/\/secure.gravatar.com\/avatar\/9d2b4b69a47f4da8b4882ab10f1265d69e78e4123898420ce7bb28d053421429?s=96&d=mm&r=g","contentUrl":"https:\/\/secure.gravatar.com\/avatar\/9d2b4b69a47f4da8b4882ab10f1265d69e78e4123898420ce7bb28d053421429?s=96&d=mm&r=g","caption":"Olga Vilacampa"}}]}},"_links":{"self":[{"href":"https:\/\/visit.santcugat.cat\/es\/wp-json\/wp\/v2\/posts\/37134","targetHints":{"allow":["GET"]}}],"collection":[{"href":"https:\/\/visit.santcugat.cat\/es\/wp-json\/wp\/v2\/posts"}],"about":[{"href":"https:\/\/visit.santcugat.cat\/es\/wp-json\/wp\/v2\/types\/post"}],"author":[{"embeddable":true,"href":"https:\/\/visit.santcugat.cat\/es\/wp-json\/wp\/v2\/users\/4"}],"replies":[{"embeddable":true,"href":"https:\/\/visit.santcugat.cat\/es\/wp-json\/wp\/v2\/comments?post=37134"}],"version-history":[{"count":5,"href":"https:\/\/visit.santcugat.cat\/es\/wp-json\/wp\/v2\/posts\/37134\/revisions"}],"predecessor-version":[{"id":39038,"href":"https:\/\/visit.santcugat.cat\/es\/wp-json\/wp\/v2\/posts\/37134\/revisions\/39038"}],"wp:featuredmedia":[{"embeddable":true,"href":"https:\/\/visit.santcugat.cat\/es\/wp-json\/wp\/v2\/media\/37445"}],"wp:attachment":[{"href":"https:\/\/visit.santcugat.cat\/es\/wp-json\/wp\/v2\/media?parent=37134"}],"wp:term":[{"taxonomy":"category","embeddable":true,"href":"https:\/\/visit.santcugat.cat\/es\/wp-json\/wp\/v2\/categories?post=37134"},{"taxonomy":"post_tag","embeddable":true,"href":"https:\/\/visit.santcugat.cat\/es\/wp-json\/wp\/v2\/tags?post=37134"}],"curies":[{"name":"wp","href":"https:\/\/api.w.org\/{rel}","templated":true}]}}