{"id":28869,"date":"2023-02-07T11:41:15","date_gmt":"2023-02-07T10:41:15","guid":{"rendered":"https:\/\/visit.santcugat.cat\/carnaval-en-sant-cugat\/"},"modified":"2023-03-14T10:17:48","modified_gmt":"2023-03-14T09:17:48","slug":"carnaval-en-sant-cugat","status":"publish","type":"post","link":"https:\/\/visit.santcugat.cat\/es\/carnaval-en-sant-cugat\/","title":{"rendered":"Carnaval en Sant Cugat 2023"},"content":{"rendered":"<div class=\"fusion-fullwidth fullwidth-box fusion-builder-row-1 fusion-flex-container nonhundred-percent-fullwidth non-hundred-percent-height-scrolling\" style=\"--awb-border-radius-top-left:0px;--awb-border-radius-top-right:0px;--awb-border-radius-bottom-right:0px;--awb-border-radius-bottom-left:0px;--awb-flex-wrap:wrap;\" ><div class=\"fusion-builder-row fusion-row fusion-flex-align-items-flex-start fusion-flex-content-wrap\" style=\"max-width:1216.8px;margin-left: calc(-4% \/ 2 );margin-right: calc(-4% \/ 2 );\"><div class=\"fusion-layout-column fusion_builder_column fusion-builder-column-0 fusion_builder_column_1_1 1_1 fusion-flex-column\" style=\"--awb-bg-size:cover;--awb-width-large:100%;--awb-margin-top-large:0px;--awb-spacing-right-large:1.92%;--awb-margin-bottom-large:0px;--awb-spacing-left-large:1.92%;--awb-width-medium:100%;--awb-spacing-right-medium:1.92%;--awb-spacing-left-medium:1.92%;--awb-width-small:100%;--awb-spacing-right-small:1.92%;--awb-spacing-left-small:1.92%;\"><div class=\"fusion-column-wrapper fusion-flex-justify-content-flex-start fusion-content-layout-column\"><div class=\"fusion-text fusion-text-1\"><p>El Carnaval vuelve a Sant Cugat, unos d\u00edas m\u00e1gicos de fiesta y jolgorio llenos de actividades y tradiciones. \u00a1No os perd\u00e1is el Carnaval en Sant Cugat, toda una experiencia!<\/p>\n<div id=\"ez-toc-container\" class=\"ez-toc-v2_0_82_2 counter-hierarchy ez-toc-counter ez-toc-grey ez-toc-container-direction\">\n<div class=\"ez-toc-title-container\">\n<p class=\"ez-toc-title\" style=\"cursor:inherit\"><\/p>\n<span class=\"ez-toc-title-toggle\"><a href=\"#\" class=\"ez-toc-pull-right ez-toc-btn ez-toc-btn-xs ez-toc-btn-default ez-toc-toggle\" aria-label=\"Alternar tabla de contenidos\"><span class=\"ez-toc-js-icon-con\"><span class=\"\"><span class=\"eztoc-hide\" style=\"display:none;\">Toggle<\/span><span class=\"ez-toc-icon-toggle-span\"><svg style=\"fill: #999;color:#999\" xmlns=\"http:\/\/www.w3.org\/2000\/svg\" class=\"list-377408\" width=\"20px\" height=\"20px\" viewBox=\"0 0 24 24\" fill=\"none\"><path d=\"M6 6H4v2h2V6zm14 0H8v2h12V6zM4 11h2v2H4v-2zm16 0H8v2h12v-2zM4 16h2v2H4v-2zm16 0H8v2h12v-2z\" fill=\"currentColor\"><\/path><\/svg><svg style=\"fill: #999;color:#999\" class=\"arrow-unsorted-368013\" xmlns=\"http:\/\/www.w3.org\/2000\/svg\" width=\"10px\" height=\"10px\" viewBox=\"0 0 24 24\" version=\"1.2\" baseProfile=\"tiny\"><path d=\"M18.2 9.3l-6.2-6.3-6.2 6.3c-.2.2-.3.4-.3.7s.1.5.3.7c.2.2.4.3.7.3h11c.3 0 .5-.1.7-.3.2-.2.3-.5.3-.7s-.1-.5-.3-.7zM5.8 14.7l6.2 6.3 6.2-6.3c.2-.2.3-.5.3-.7s-.1-.5-.3-.7c-.2-.2-.4-.3-.7-.3h-11c-.3 0-.5.1-.7.3-.2.2-.3.5-.3.7s.1.5.3.7z\"\/><\/svg><\/span><\/span><\/span><\/a><\/span><\/div>\n<nav><ul class='ez-toc-list ez-toc-list-level-1 ' ><li class='ez-toc-page-1 ez-toc-heading-level-2'><a class=\"ez-toc-link ez-toc-heading-1\" href=\"https:\/\/visit.santcugat.cat\/es\/carnaval-en-sant-cugat\/#El_Carnaval_vuelve_a_las_calles_de_Sant_Cugat\" >El Carnaval vuelve a las calles de Sant Cugat<\/a><\/li><li class='ez-toc-page-1 ez-toc-heading-level-2'><a class=\"ez-toc-link ez-toc-heading-2\" href=\"https:\/\/visit.santcugat.cat\/es\/carnaval-en-sant-cugat\/#Jueves_Gordo_o_Lardero_16_de_febrero\" >Jueves Gordo o Lardero, 16 de febrero<\/a><\/li><li class='ez-toc-page-1 ez-toc-heading-level-2'><a class=\"ez-toc-link ez-toc-heading-3\" href=\"https:\/\/visit.santcugat.cat\/es\/carnaval-en-sant-cugat\/#Viernes_17_de_febrero\" >Viernes 17 de febrero<\/a><\/li><li class='ez-toc-page-1 ez-toc-heading-level-2'><a class=\"ez-toc-link ez-toc-heading-4\" href=\"https:\/\/visit.santcugat.cat\/es\/carnaval-en-sant-cugat\/#Fin_de_semana\" >Fin de semana<\/a><ul class='ez-toc-list-level-3' ><li class='ez-toc-heading-level-3'><a class=\"ez-toc-link ez-toc-heading-5\" href=\"https:\/\/visit.santcugat.cat\/es\/carnaval-en-sant-cugat\/#Sabado_18_de_febrero\" >S\u00e1bado 18 de febrero<\/a><\/li><li class='ez-toc-page-1 ez-toc-heading-level-3'><a class=\"ez-toc-link ez-toc-heading-6\" href=\"https:\/\/visit.santcugat.cat\/es\/carnaval-en-sant-cugat\/#Domingo_19_de_febrero\" >Domingo 19 de febrero<\/a><\/li><\/ul><\/li><li class='ez-toc-page-1 ez-toc-heading-level-2'><a class=\"ez-toc-link ez-toc-heading-7\" href=\"https:\/\/visit.santcugat.cat\/es\/carnaval-en-sant-cugat\/#Lunes_20_de_febrero\" >Lunes 20 de febrero<\/a><\/li><li class='ez-toc-page-1 ez-toc-heading-level-2'><a class=\"ez-toc-link ez-toc-heading-8\" href=\"https:\/\/visit.santcugat.cat\/es\/carnaval-en-sant-cugat\/#Mardi_Gras_y_Miercoles_de_Ceniza\" >Mardi Gras y Mi\u00e9rcoles de Ceniza<\/a><ul class='ez-toc-list-level-3' ><li class='ez-toc-heading-level-3'><a class=\"ez-toc-link ez-toc-heading-9\" href=\"https:\/\/visit.santcugat.cat\/es\/carnaval-en-sant-cugat\/#Mardi_Gras_21_de_febrero\" >Mardi Gras, 21 de febrero<\/a><\/li><li class='ez-toc-page-1 ez-toc-heading-level-3'><a class=\"ez-toc-link ez-toc-heading-10\" href=\"https:\/\/visit.santcugat.cat\/es\/carnaval-en-sant-cugat\/#Miercoles_de_Ceniza_22_de_febrero\" >Mi\u00e9rcoles de Ceniza, 22 de febrero<\/a><\/li><\/ul><\/li><\/ul><\/nav><\/div>\n<h2><span class=\"ez-toc-section\" id=\"El_Carnaval_vuelve_a_las_calles_de_Sant_Cugat\"><\/span>El Carnaval vuelve a las calles de Sant Cugat<span class=\"ez-toc-section-end\"><\/span><\/h2>\n<p>Este a\u00f1o Sant Cugat volver\u00e1 a vivir el Carnaval en la calle, vuelve la fiesta m\u00e1s divertida y alocada a la ciudad.<\/p>\n<p>El cartel de la fiesta lo ha dise\u00f1ado V\u00edctor Castrill\u00f3n, estudiante de la Escuela de Arte de Sant Cugat. Este cartel fue escogido desde la organizaci\u00f3n, con un concurso entre alumnos de segundo curso de Gr\u00e1fica impresa e ilustraci\u00f3n de esta escuela.<\/p>\n<p>Podr\u00e9is encontrar toda programaci\u00f3n del Carnaval en Sant Cugat en las redes, podr\u00e9is consultar en <a href=\"https:\/\/carnavaldesantcugat.wixsite.com\/carnavalsantcugat\" target=\"_blank\" rel=\"nofollow\">carnavalsantcugat.cat<\/a>, y por las redes sociales de @carnavalsantcugat y de @ajsantcugat.<\/p>\n<p><img decoding=\"async\" class=\"wp-image-36537 aligncenter\" src=\"https:\/\/visit.santcugat.cat\/wp-content\/uploads\/2022\/02\/WhatsApp-Image-2023-02-06-at-12.17.13.jpeg\" alt=\"Carnaval 2023\" width=\"514\" height=\"510\" \/><\/p>\n<h2><span class=\"ez-toc-section\" id=\"Jueves_Gordo_o_Lardero_16_de_febrero\"><\/span>Jueves Gordo o Lardero, 16 de febrero<span class=\"ez-toc-section-end\"><\/span><\/h2>\n<p>El jueves gordo en Sant Cugat, los <span class=\"hiddenSpellError\">Estirats<\/span>\u00a0bailar\u00e1n y ser\u00e1n interrumpidos por el Llamamiento del Gallo, que con la agrupaci\u00f3n popular de m\u00fasicos del pueblo ir\u00e1n hacia el Monasterio. El Gallo bajar\u00e1 del cimborio e ir\u00e1 en procesi\u00f3n hacia el Ayuntamiento, como es tradici\u00f3n, para tomar el poder de la alcaldesa y proclamar el inicio del Carnaval en la villa.<\/p>\n<ul>\n<li>19.15 h | Pla\u00e7a de Sant Pere &#8211; Inauguraci\u00f3n del Carnaval y presentaci\u00f3n del programa de Carnaval con Isabel de Sant Cugat<\/li>\n<li>19.30 h | Pla\u00e7a de Sant Pere &#8211; Baile dels Estirats.<\/li>\n<li>19.35 h | Carrer Major &#8211; &#8220;Crida del Gall&#8221;<\/li>\n<li>19.40 h | Pla\u00e7a de Octaviano &#8211; Bajada del gallo y procesi\u00f3n. Recorrido: Pl. de Octaviano, c. de Santiago Rusi\u00f1ol, c. del Carme, pl. de la Vila.<\/li>\n<li>20 h | Pla\u00e7a de la Vila &#8211; Preg\u00f3n de Carnaval<\/li>\n<li>20.15 h | Pla\u00e7a de la Vila &#8211; Botifarra de huevo y cava para todas<\/li>\n<\/ul>\n<div id=\"attachment_28856\" style=\"width: 799px\" class=\"wp-caption aligncenter\"><a href=\"https:\/\/visit.santcugat.cat\/wp-content\/uploads\/2022\/02\/tot-sant-cugat-gall-e1652780617362.jpeg\"><img decoding=\"async\" aria-describedby=\"caption-attachment-28856\" class=\" wp-image-28856\" src=\"https:\/\/visit.santcugat.cat\/wp-content\/uploads\/2022\/02\/tot-sant-cugat-gall-e1652780617362.jpeg\" alt=\"gall carnaval\" width=\"789\" height=\"527\" \/><\/a><p id=\"caption-attachment-28856\" class=\"wp-caption-text\">Tot Sant Cugat<\/p><\/div>\n<h2><span class=\"ez-toc-section\" id=\"Viernes_17_de_febrero\"><\/span>Viernes 17 de febrero<span class=\"ez-toc-section-end\"><\/span><\/h2>\n<ul>\n<li>20\u2009h | Plaza Pep Ventura &#8211; Inicio del Cercatasques<\/li>\n<\/ul>\n<p>\u00a1Disfruta del Cercatasques de la ciudad, un desfile festivo acompa\u00f1ado de buena m\u00fasica donde podr\u00e1s disfrutar con amigos y amigas! \u00a1No os lo perd\u00e1is!<\/p>\n<h2><span class=\"ez-toc-section\" id=\"Fin_de_semana\"><\/span>Fin de semana<span class=\"ez-toc-section-end\"><\/span><\/h2>\n<p>El fin de semana se har\u00e1n algunas de las actividades m\u00e1s emblem\u00e1ticas de la fiesta, como por ejemplo el Baile de Viejas y el Baile de Gitanas, que un a\u00f1o m\u00e1s llenar\u00e1 de bailadores y bailadoras la plaza Octavi\u00e0.<\/p>\n<h3><span class=\"ez-toc-section\" id=\"Sabado_18_de_febrero\"><\/span>S\u00e1bado 18 de febrero<span class=\"ez-toc-section-end\"><\/span><\/h3>\n<ul>\n<li>11 h | Inicio de los pasacalles de Gitanas &#8211;\u00a0Pl. Vict\u00f2ria de \u00c0ngels \/\u00a0Pl. de en Coll \/ C.\u00a0Valldoreix\u00a0\/ Pl. Rafael de\u00a0Casanova \/\u00a0Pl. Sant Antoni \/ Pl.\u00a0Can\u00a0Quit\u00e8ria<\/li>\n<li>12.45 h | Plaza de Octaviano &#8211;\u00a0Baile de Viejas<\/li>\n<li>13 h | Plaza de Octaviano &#8211;\u00a0Baile de Gitanas\u00a0y Baile de\u00a0Giovenetes<\/li>\n<li>14 h | Plaza de Octaviano &#8211; Caldo de Carnaval a cargo de la Escuela de hosteler\u00eda Sant Cugat, Ins. FP Sant Cugat, Restaurando Roset\u00f3n, con opci\u00f3n vegetariana.<\/li>\n<li>18.30 h | Avda.\u00a0Cerdanyola\u00a0con Paseo Torreblanca, convocatoria de comparsas infantiles y familiares<\/li>\n<li>18.30 h | Plaza de en Coll, convocatoria de comparsas de adultos<\/li>\n<li>19 h | Avda. Cerdanyola con Paseo Torreblanca &#8211; Desfile de comparsas de Carnaval &#8211; Recorrido: Pl. de en Coll, ps. Torreblanca, avda. de Cerdanyola, c. de la Cruz, c.de la Torre, pl. de Octaviano.<\/li>\n<li>20 h | Plaza de Octaviano &#8211;\u00a0Comparsas a escenario y entrega de premios\u00a0Con Isabel de Sant Cugat<\/li>\n<li>23 h | Pla\u00e7a de Octaviano &#8211; Baile por la noche con Killing Hits<\/li>\n<\/ul>\n<h3><span class=\"ez-toc-section\" id=\"Domingo_19_de_febrero\"><\/span>Domingo 19 de febrero<span class=\"ez-toc-section-end\"><\/span><\/h3>\n<ul>\n<li>11 h | Pla\u00e7a de Sant Pere &#8211; Bajada de Gitanas y Giovanetes<\/li>\n<li>11.30 h | Pla\u00e7a de Octaviano &#8211; &#8220;Pregonet&#8221; de Carnaval<\/li>\n<li>11.40 h | Pla\u00e7a de Octaviano -Baile de Gitanetas<\/li>\n<li>12 h | Pla\u00e7a de Octaviano &#8211; Animaci\u00f3n infantil La Port\u00e0til FM<\/li>\n<\/ul>\n<div id=\"attachment_28852\" style=\"width: 799px\" class=\"wp-caption aligncenter\"><a href=\"https:\/\/visit.santcugat.cat\/wp-content\/uploads\/2022\/02\/gitanes.jpeg\"><img decoding=\"async\" aria-describedby=\"caption-attachment-28852\" class=\" wp-image-28852\" src=\"https:\/\/visit.santcugat.cat\/wp-content\/uploads\/2022\/02\/gitanes.jpeg\" alt=\"gitanes\" width=\"789\" height=\"527\" srcset=\"https:\/\/visit.santcugat.cat\/wp-content\/uploads\/2022\/02\/gitanes-200x133.jpeg 200w, https:\/\/visit.santcugat.cat\/wp-content\/uploads\/2022\/02\/gitanes-300x200.jpeg 300w, https:\/\/visit.santcugat.cat\/wp-content\/uploads\/2022\/02\/gitanes-400x267.jpeg 400w, https:\/\/visit.santcugat.cat\/wp-content\/uploads\/2022\/02\/gitanes-500x334.jpeg 500w, https:\/\/visit.santcugat.cat\/wp-content\/uploads\/2022\/02\/gitanes-600x400.jpeg 600w, https:\/\/visit.santcugat.cat\/wp-content\/uploads\/2022\/02\/gitanes-700x467.jpeg 700w, https:\/\/visit.santcugat.cat\/wp-content\/uploads\/2022\/02\/gitanes-768x512.jpeg 768w, https:\/\/visit.santcugat.cat\/wp-content\/uploads\/2022\/02\/gitanes-800x534.jpeg 800w, https:\/\/visit.santcugat.cat\/wp-content\/uploads\/2022\/02\/gitanes-1024x683.jpeg 1024w, https:\/\/visit.santcugat.cat\/wp-content\/uploads\/2022\/02\/gitanes-1200x801.jpeg 1200w, https:\/\/visit.santcugat.cat\/wp-content\/uploads\/2022\/02\/gitanes-1536x1025.jpeg 1536w, https:\/\/visit.santcugat.cat\/wp-content\/uploads\/2022\/02\/gitanes.jpeg 1602w\" sizes=\"(max-width: 789px) 100vw, 789px\" \/><\/a><p id=\"caption-attachment-28852\" class=\"wp-caption-text\">Catalunya m&#8217;agrada<\/p><\/div>\n<h2><span class=\"ez-toc-section\" id=\"Lunes_20_de_febrero\"><\/span>Lunes 20 de febrero<span class=\"ez-toc-section-end\"><\/span><\/h2>\n<p>Cena de disfraces por los bares de Sant Cugat. \u00a1Salid disfrazados a cenar con los amigos!<\/p>\n<h2><span class=\"ez-toc-section\" id=\"Mardi_Gras_y_Miercoles_de_Ceniza\"><\/span>Mardi Gras y Mi\u00e9rcoles de Ceniza<span class=\"ez-toc-section-end\"><\/span><\/h2>\n<p>Habr\u00e1 m\u00e1s actividades que se podr\u00e1n ver de manera presencial: la exposici\u00f3n La Vieja Cuaresma, en el claustro del Monasterio, y los establecimientos que participen en el tercer concurso de escaparates de Carnaval de comercios de la ciudad. Tambi\u00e9n el pasacalle con la banda durante el\u00a0<span class=\"hiddenSpellError\">Mardi<\/span> Gras (martes 21 de febrero) y el d\u00eda siguiente, Mi\u00e9rcoles de Ceniza, el retorno del poder y procesi\u00f3n de entierro que pondr\u00e1 fin al Carnaval de este a\u00f1o.<\/p>\n<h3><span class=\"ez-toc-section\" id=\"Mardi_Gras_21_de_febrero\"><\/span>Mardi Gras, 21 de febrero<span class=\"ez-toc-section-end\"><\/span><\/h3>\n<ul>\n<li>19 h | Pla\u00e7a de Llu\u00eds Millet &#8211; Pasacalle con la banda de calle.<\/li>\n<li>20:30 h | Pla\u00e7a Llu\u00eds Millet &#8211; Fin de fiesta con la banda.<\/li>\n<\/ul>\n<h3><span class=\"ez-toc-section\" id=\"Miercoles_de_Ceniza_22_de_febrero\"><\/span>Mi\u00e9rcoles de Ceniza, 22 de febrero<span class=\"ez-toc-section-end\"><\/span><\/h3>\n<ul>\n<li>19.30 h | Pla\u00e7a de la Vila &#8211; Retorno del poder y procesi\u00f3n del entierro. Recorrido: De la Pl. de la Vila hasta la &#8220;Llotgeta&#8221; del Monasterio.<\/li>\n<li>20 h | Pl. de Octaviano &#8211; Sardinada enlatada.<\/li>\n<\/ul>\n<div id=\"attachment_28860\" style=\"width: 695px\" class=\"wp-caption aligncenter\"><a href=\"https:\/\/visit.santcugat.cat\/wp-content\/uploads\/2022\/02\/cendra.jpeg\"><img decoding=\"async\" aria-describedby=\"caption-attachment-28860\" class=\" wp-image-28860\" src=\"https:\/\/visit.santcugat.cat\/wp-content\/uploads\/2022\/02\/cendra.jpeg\" alt=\"\" width=\"685\" height=\"456\" srcset=\"https:\/\/visit.santcugat.cat\/wp-content\/uploads\/2022\/02\/cendra-200x133.jpeg 200w, https:\/\/visit.santcugat.cat\/wp-content\/uploads\/2022\/02\/cendra-300x200.jpeg 300w, https:\/\/visit.santcugat.cat\/wp-content\/uploads\/2022\/02\/cendra-400x266.jpeg 400w, https:\/\/visit.santcugat.cat\/wp-content\/uploads\/2022\/02\/cendra-500x333.jpeg 500w, https:\/\/visit.santcugat.cat\/wp-content\/uploads\/2022\/02\/cendra-600x400.jpeg 600w, https:\/\/visit.santcugat.cat\/wp-content\/uploads\/2022\/02\/cendra.jpeg 620w\" sizes=\"(max-width: 685px) 100vw, 685px\" \/><\/a><p id=\"caption-attachment-28860\" class=\"wp-caption-text\">Catalunya m&#8217;agrada<\/p><\/div>\n<p>Esperamos que disfrut\u00e9is mucho de estas fiestas y de las tradiciones. \u00a1BUEN CARNAVAL A TODO EL MUNDO!!<\/p>\n<\/div><\/div><\/div><\/div><\/div>\n","protected":false},"excerpt":{"rendered":"","protected":false},"author":2,"featured_media":36540,"comment_status":"open","ping_status":"open","sticky":false,"template":"","format":"standard","meta":{"_joinchat":[],"footnotes":""},"categories":[328,213,212,290,9,209],"tags":[],"class_list":["post-28869","post","type-post","status-publish","format-standard","has-post-thumbnail","hentry","category-blog-es","category-cultura-y-ocio","category-en-familia-es","category-eventos","category-sin-categorizar","category-para-todos"],"yoast_head":"<!-- This site is optimized with the Yoast SEO plugin v27.5 - https:\/\/yoast.com\/product\/yoast-seo-wordpress\/ -->\n<title>Carnaval en Sant Cugat 2023 | Visit Sant Cugat<\/title>\n<meta name=\"description\" content=\"Este Carnaval 2023 disfruta de las mejores fiestas y actividades en Sant Cugat, toda la informaci\u00f3n aqu\u00ed \u00a1No te lo pierdas!\" \/>\n<meta name=\"robots\" content=\"index, follow, max-snippet:-1, max-image-preview:large, max-video-preview:-1\" \/>\n<link rel=\"canonical\" href=\"https:\/\/visit.santcugat.cat\/es\/carnaval-en-sant-cugat\/\" \/>\n<meta property=\"og:locale\" content=\"es_ES\" \/>\n<meta property=\"og:type\" content=\"article\" \/>\n<meta property=\"og:title\" content=\"Carnaval en Sant Cugat 2023 | Visit Sant Cugat\" \/>\n<meta property=\"og:description\" content=\"Este Carnaval 2023 disfruta de las mejores fiestas y actividades en Sant Cugat, toda la informaci\u00f3n aqu\u00ed \u00a1No te lo pierdas!\" \/>\n<meta property=\"og:url\" content=\"https:\/\/visit.santcugat.cat\/es\/carnaval-en-sant-cugat\/\" \/>\n<meta property=\"og:site_name\" content=\"Visit Sant Cugat\" \/>\n<meta property=\"article:publisher\" content=\"https:\/\/www.facebook.com\/visitsantcugat\/\" \/>\n<meta property=\"article:published_time\" content=\"2023-02-07T10:41:15+00:00\" \/>\n<meta property=\"article:modified_time\" content=\"2023-03-14T09:17:48+00:00\" \/>\n<meta property=\"og:image\" content=\"https:\/\/visit.santcugat.cat\/wp-content\/uploads\/2022\/02\/WhatsApp-Image-2023-02-06-at-12.17.13-e1675683415332.jpeg\" \/>\n\t<meta property=\"og:image:width\" content=\"1079\" \/>\n\t<meta property=\"og:image:height\" content=\"1071\" \/>\n\t<meta property=\"og:image:type\" content=\"image\/jpeg\" \/>\n<meta name=\"author\" content=\"Visit Sant Cugat\" \/>\n<meta name=\"twitter:card\" content=\"summary_large_image\" \/>\n<meta name=\"twitter:creator\" content=\"@ajsantcugat\" \/>\n<meta name=\"twitter:site\" content=\"@ajsantcugat\" \/>\n<meta name=\"twitter:label1\" content=\"Escrito por\" \/>\n\t<meta name=\"twitter:data1\" content=\"Visit Sant Cugat\" \/>\n\t<meta name=\"twitter:label2\" content=\"Tiempo de lectura\" \/>\n\t<meta name=\"twitter:data2\" content=\"5 minutos\" \/>\n<script type=\"application\/ld+json\" class=\"yoast-schema-graph\">{\"@context\":\"https:\\\/\\\/schema.org\",\"@graph\":[{\"@type\":\"Article\",\"@id\":\"https:\\\/\\\/visit.santcugat.cat\\\/es\\\/carnaval-en-sant-cugat\\\/#article\",\"isPartOf\":{\"@id\":\"https:\\\/\\\/visit.santcugat.cat\\\/es\\\/carnaval-en-sant-cugat\\\/\"},\"author\":{\"name\":\"Visit Sant Cugat\",\"@id\":\"https:\\\/\\\/visit.santcugat.cat\\\/fr\\\/#\\\/schema\\\/person\\\/8a8e4aed4243b83ef2e2de63dafd42b2\"},\"headline\":\"Carnaval en Sant Cugat 2023\",\"datePublished\":\"2023-02-07T10:41:15+00:00\",\"dateModified\":\"2023-03-14T09:17:48+00:00\",\"mainEntityOfPage\":{\"@id\":\"https:\\\/\\\/visit.santcugat.cat\\\/es\\\/carnaval-en-sant-cugat\\\/\"},\"wordCount\":1012,\"commentCount\":0,\"publisher\":{\"@id\":\"https:\\\/\\\/visit.santcugat.cat\\\/fr\\\/#organization\"},\"image\":{\"@id\":\"https:\\\/\\\/visit.santcugat.cat\\\/es\\\/carnaval-en-sant-cugat\\\/#primaryimage\"},\"thumbnailUrl\":\"https:\\\/\\\/visit.santcugat.cat\\\/wp-content\\\/uploads\\\/2022\\\/02\\\/WhatsApp-Image-2023-02-06-at-12.17.13-e1675683415332.jpeg\",\"articleSection\":[\"Blog\",\"Cultura y ocio\",\"En familia\",\"Eventos\",\"General\",\"Para todos\"],\"inLanguage\":\"es\",\"potentialAction\":[{\"@type\":\"CommentAction\",\"name\":\"Comment\",\"target\":[\"https:\\\/\\\/visit.santcugat.cat\\\/es\\\/carnaval-en-sant-cugat\\\/#respond\"]}]},{\"@type\":\"WebPage\",\"@id\":\"https:\\\/\\\/visit.santcugat.cat\\\/es\\\/carnaval-en-sant-cugat\\\/\",\"url\":\"https:\\\/\\\/visit.santcugat.cat\\\/es\\\/carnaval-en-sant-cugat\\\/\",\"name\":\"Carnaval en Sant Cugat 2023 | Visit Sant Cugat\",\"isPartOf\":{\"@id\":\"https:\\\/\\\/visit.santcugat.cat\\\/fr\\\/#website\"},\"primaryImageOfPage\":{\"@id\":\"https:\\\/\\\/visit.santcugat.cat\\\/es\\\/carnaval-en-sant-cugat\\\/#primaryimage\"},\"image\":{\"@id\":\"https:\\\/\\\/visit.santcugat.cat\\\/es\\\/carnaval-en-sant-cugat\\\/#primaryimage\"},\"thumbnailUrl\":\"https:\\\/\\\/visit.santcugat.cat\\\/wp-content\\\/uploads\\\/2022\\\/02\\\/WhatsApp-Image-2023-02-06-at-12.17.13-e1675683415332.jpeg\",\"datePublished\":\"2023-02-07T10:41:15+00:00\",\"dateModified\":\"2023-03-14T09:17:48+00:00\",\"description\":\"Este Carnaval 2023 disfruta de las mejores fiestas y actividades en Sant Cugat, toda la informaci\u00f3n aqu\u00ed \u00a1No te lo pierdas!\",\"breadcrumb\":{\"@id\":\"https:\\\/\\\/visit.santcugat.cat\\\/es\\\/carnaval-en-sant-cugat\\\/#breadcrumb\"},\"inLanguage\":\"es\",\"potentialAction\":[{\"@type\":\"ReadAction\",\"target\":[\"https:\\\/\\\/visit.santcugat.cat\\\/es\\\/carnaval-en-sant-cugat\\\/\"]}]},{\"@type\":\"ImageObject\",\"inLanguage\":\"es\",\"@id\":\"https:\\\/\\\/visit.santcugat.cat\\\/es\\\/carnaval-en-sant-cugat\\\/#primaryimage\",\"url\":\"https:\\\/\\\/visit.santcugat.cat\\\/wp-content\\\/uploads\\\/2022\\\/02\\\/WhatsApp-Image-2023-02-06-at-12.17.13-e1675683415332.jpeg\",\"contentUrl\":\"https:\\\/\\\/visit.santcugat.cat\\\/wp-content\\\/uploads\\\/2022\\\/02\\\/WhatsApp-Image-2023-02-06-at-12.17.13-e1675683415332.jpeg\",\"width\":1079,\"height\":1071,\"caption\":\"Carnaval 2023\"},{\"@type\":\"BreadcrumbList\",\"@id\":\"https:\\\/\\\/visit.santcugat.cat\\\/es\\\/carnaval-en-sant-cugat\\\/#breadcrumb\",\"itemListElement\":[{\"@type\":\"ListItem\",\"position\":1,\"name\":\"Inici\",\"item\":\"https:\\\/\\\/visit.santcugat.cat\\\/es\\\/\"},{\"@type\":\"ListItem\",\"position\":2,\"name\":\"Carnaval en Sant Cugat 2023\"}]},{\"@type\":\"WebSite\",\"@id\":\"https:\\\/\\\/visit.santcugat.cat\\\/fr\\\/#website\",\"url\":\"https:\\\/\\\/visit.santcugat.cat\\\/fr\\\/\",\"name\":\"Visit Sant Cugat\",\"description\":\"Turisme de Sant Cugat\",\"publisher\":{\"@id\":\"https:\\\/\\\/visit.santcugat.cat\\\/fr\\\/#organization\"},\"potentialAction\":[{\"@type\":\"SearchAction\",\"target\":{\"@type\":\"EntryPoint\",\"urlTemplate\":\"https:\\\/\\\/visit.santcugat.cat\\\/fr\\\/?s={search_term_string}\"},\"query-input\":{\"@type\":\"PropertyValueSpecification\",\"valueRequired\":true,\"valueName\":\"search_term_string\"}}],\"inLanguage\":\"es\"},{\"@type\":\"Organization\",\"@id\":\"https:\\\/\\\/visit.santcugat.cat\\\/fr\\\/#organization\",\"name\":\"Visit Sant Cugat - Turisme de Sant Cugat - Barcelona\",\"url\":\"https:\\\/\\\/visit.santcugat.cat\\\/fr\\\/\",\"logo\":{\"@type\":\"ImageObject\",\"inLanguage\":\"es\",\"@id\":\"https:\\\/\\\/visit.santcugat.cat\\\/fr\\\/#\\\/schema\\\/logo\\\/image\\\/\",\"url\":\"https:\\\/\\\/visit.santcugat.cat\\\/wp-content\\\/uploads\\\/2020\\\/09\\\/logo.png\",\"contentUrl\":\"https:\\\/\\\/visit.santcugat.cat\\\/wp-content\\\/uploads\\\/2020\\\/09\\\/logo.png\",\"width\":200,\"height\":44,\"caption\":\"Visit Sant Cugat - Turisme de Sant Cugat - Barcelona\"},\"image\":{\"@id\":\"https:\\\/\\\/visit.santcugat.cat\\\/fr\\\/#\\\/schema\\\/logo\\\/image\\\/\"},\"sameAs\":[\"https:\\\/\\\/www.facebook.com\\\/visitsantcugat\\\/\",\"https:\\\/\\\/x.com\\\/ajsantcugat\",\"https:\\\/\\\/www.instagram.com\\\/visitsantcugat\\\/\",\"https:\\\/\\\/ca.wikipedia.org\\\/wiki\\\/Sant_Cugat_del_Vall\u00e8s\"]},{\"@type\":\"Person\",\"@id\":\"https:\\\/\\\/visit.santcugat.cat\\\/fr\\\/#\\\/schema\\\/person\\\/8a8e4aed4243b83ef2e2de63dafd42b2\",\"name\":\"Visit Sant Cugat\",\"image\":{\"@type\":\"ImageObject\",\"inLanguage\":\"es\",\"@id\":\"https:\\\/\\\/secure.gravatar.com\\\/avatar\\\/85a626c11e885e8c2c556107d642611e0d09a4b062070ac1baf821061821f4a3?s=96&d=mm&r=g\",\"url\":\"https:\\\/\\\/secure.gravatar.com\\\/avatar\\\/85a626c11e885e8c2c556107d642611e0d09a4b062070ac1baf821061821f4a3?s=96&d=mm&r=g\",\"contentUrl\":\"https:\\\/\\\/secure.gravatar.com\\\/avatar\\\/85a626c11e885e8c2c556107d642611e0d09a4b062070ac1baf821061821f4a3?s=96&d=mm&r=g\",\"caption\":\"Visit Sant Cugat\"}}]}<\/script>\n<!-- \/ Yoast SEO plugin. -->","yoast_head_json":{"title":"Carnaval en Sant Cugat 2023 | Visit Sant Cugat","description":"Este Carnaval 2023 disfruta de las mejores fiestas y actividades en Sant Cugat, toda la informaci\u00f3n aqu\u00ed \u00a1No te lo pierdas!","robots":{"index":"index","follow":"follow","max-snippet":"max-snippet:-1","max-image-preview":"max-image-preview:large","max-video-preview":"max-video-preview:-1"},"canonical":"https:\/\/visit.santcugat.cat\/es\/carnaval-en-sant-cugat\/","og_locale":"es_ES","og_type":"article","og_title":"Carnaval en Sant Cugat 2023 | Visit Sant Cugat","og_description":"Este Carnaval 2023 disfruta de las mejores fiestas y actividades en Sant Cugat, toda la informaci\u00f3n aqu\u00ed \u00a1No te lo pierdas!","og_url":"https:\/\/visit.santcugat.cat\/es\/carnaval-en-sant-cugat\/","og_site_name":"Visit Sant Cugat","article_publisher":"https:\/\/www.facebook.com\/visitsantcugat\/","article_published_time":"2023-02-07T10:41:15+00:00","article_modified_time":"2023-03-14T09:17:48+00:00","og_image":[{"width":1079,"height":1071,"url":"https:\/\/visit.santcugat.cat\/wp-content\/uploads\/2022\/02\/WhatsApp-Image-2023-02-06-at-12.17.13-e1675683415332.jpeg","type":"image\/jpeg"}],"author":"Visit Sant Cugat","twitter_card":"summary_large_image","twitter_creator":"@ajsantcugat","twitter_site":"@ajsantcugat","twitter_misc":{"Escrito por":"Visit Sant Cugat","Tiempo de lectura":"5 minutos"},"schema":{"@context":"https:\/\/schema.org","@graph":[{"@type":"Article","@id":"https:\/\/visit.santcugat.cat\/es\/carnaval-en-sant-cugat\/#article","isPartOf":{"@id":"https:\/\/visit.santcugat.cat\/es\/carnaval-en-sant-cugat\/"},"author":{"name":"Visit Sant Cugat","@id":"https:\/\/visit.santcugat.cat\/fr\/#\/schema\/person\/8a8e4aed4243b83ef2e2de63dafd42b2"},"headline":"Carnaval en Sant Cugat 2023","datePublished":"2023-02-07T10:41:15+00:00","dateModified":"2023-03-14T09:17:48+00:00","mainEntityOfPage":{"@id":"https:\/\/visit.santcugat.cat\/es\/carnaval-en-sant-cugat\/"},"wordCount":1012,"commentCount":0,"publisher":{"@id":"https:\/\/visit.santcugat.cat\/fr\/#organization"},"image":{"@id":"https:\/\/visit.santcugat.cat\/es\/carnaval-en-sant-cugat\/#primaryimage"},"thumbnailUrl":"https:\/\/visit.santcugat.cat\/wp-content\/uploads\/2022\/02\/WhatsApp-Image-2023-02-06-at-12.17.13-e1675683415332.jpeg","articleSection":["Blog","Cultura y ocio","En familia","Eventos","General","Para todos"],"inLanguage":"es","potentialAction":[{"@type":"CommentAction","name":"Comment","target":["https:\/\/visit.santcugat.cat\/es\/carnaval-en-sant-cugat\/#respond"]}]},{"@type":"WebPage","@id":"https:\/\/visit.santcugat.cat\/es\/carnaval-en-sant-cugat\/","url":"https:\/\/visit.santcugat.cat\/es\/carnaval-en-sant-cugat\/","name":"Carnaval en Sant Cugat 2023 | Visit Sant Cugat","isPartOf":{"@id":"https:\/\/visit.santcugat.cat\/fr\/#website"},"primaryImageOfPage":{"@id":"https:\/\/visit.santcugat.cat\/es\/carnaval-en-sant-cugat\/#primaryimage"},"image":{"@id":"https:\/\/visit.santcugat.cat\/es\/carnaval-en-sant-cugat\/#primaryimage"},"thumbnailUrl":"https:\/\/visit.santcugat.cat\/wp-content\/uploads\/2022\/02\/WhatsApp-Image-2023-02-06-at-12.17.13-e1675683415332.jpeg","datePublished":"2023-02-07T10:41:15+00:00","dateModified":"2023-03-14T09:17:48+00:00","description":"Este Carnaval 2023 disfruta de las mejores fiestas y actividades en Sant Cugat, toda la informaci\u00f3n aqu\u00ed \u00a1No te lo pierdas!","breadcrumb":{"@id":"https:\/\/visit.santcugat.cat\/es\/carnaval-en-sant-cugat\/#breadcrumb"},"inLanguage":"es","potentialAction":[{"@type":"ReadAction","target":["https:\/\/visit.santcugat.cat\/es\/carnaval-en-sant-cugat\/"]}]},{"@type":"ImageObject","inLanguage":"es","@id":"https:\/\/visit.santcugat.cat\/es\/carnaval-en-sant-cugat\/#primaryimage","url":"https:\/\/visit.santcugat.cat\/wp-content\/uploads\/2022\/02\/WhatsApp-Image-2023-02-06-at-12.17.13-e1675683415332.jpeg","contentUrl":"https:\/\/visit.santcugat.cat\/wp-content\/uploads\/2022\/02\/WhatsApp-Image-2023-02-06-at-12.17.13-e1675683415332.jpeg","width":1079,"height":1071,"caption":"Carnaval 2023"},{"@type":"BreadcrumbList","@id":"https:\/\/visit.santcugat.cat\/es\/carnaval-en-sant-cugat\/#breadcrumb","itemListElement":[{"@type":"ListItem","position":1,"name":"Inici","item":"https:\/\/visit.santcugat.cat\/es\/"},{"@type":"ListItem","position":2,"name":"Carnaval en Sant Cugat 2023"}]},{"@type":"WebSite","@id":"https:\/\/visit.santcugat.cat\/fr\/#website","url":"https:\/\/visit.santcugat.cat\/fr\/","name":"Visit Sant Cugat","description":"Turisme de Sant Cugat","publisher":{"@id":"https:\/\/visit.santcugat.cat\/fr\/#organization"},"potentialAction":[{"@type":"SearchAction","target":{"@type":"EntryPoint","urlTemplate":"https:\/\/visit.santcugat.cat\/fr\/?s={search_term_string}"},"query-input":{"@type":"PropertyValueSpecification","valueRequired":true,"valueName":"search_term_string"}}],"inLanguage":"es"},{"@type":"Organization","@id":"https:\/\/visit.santcugat.cat\/fr\/#organization","name":"Visit Sant Cugat - Turisme de Sant Cugat - Barcelona","url":"https:\/\/visit.santcugat.cat\/fr\/","logo":{"@type":"ImageObject","inLanguage":"es","@id":"https:\/\/visit.santcugat.cat\/fr\/#\/schema\/logo\/image\/","url":"https:\/\/visit.santcugat.cat\/wp-content\/uploads\/2020\/09\/logo.png","contentUrl":"https:\/\/visit.santcugat.cat\/wp-content\/uploads\/2020\/09\/logo.png","width":200,"height":44,"caption":"Visit Sant Cugat - Turisme de Sant Cugat - Barcelona"},"image":{"@id":"https:\/\/visit.santcugat.cat\/fr\/#\/schema\/logo\/image\/"},"sameAs":["https:\/\/www.facebook.com\/visitsantcugat\/","https:\/\/x.com\/ajsantcugat","https:\/\/www.instagram.com\/visitsantcugat\/","https:\/\/ca.wikipedia.org\/wiki\/Sant_Cugat_del_Vall\u00e8s"]},{"@type":"Person","@id":"https:\/\/visit.santcugat.cat\/fr\/#\/schema\/person\/8a8e4aed4243b83ef2e2de63dafd42b2","name":"Visit Sant Cugat","image":{"@type":"ImageObject","inLanguage":"es","@id":"https:\/\/secure.gravatar.com\/avatar\/85a626c11e885e8c2c556107d642611e0d09a4b062070ac1baf821061821f4a3?s=96&d=mm&r=g","url":"https:\/\/secure.gravatar.com\/avatar\/85a626c11e885e8c2c556107d642611e0d09a4b062070ac1baf821061821f4a3?s=96&d=mm&r=g","contentUrl":"https:\/\/secure.gravatar.com\/avatar\/85a626c11e885e8c2c556107d642611e0d09a4b062070ac1baf821061821f4a3?s=96&d=mm&r=g","caption":"Visit Sant Cugat"}}]}},"_links":{"self":[{"href":"https:\/\/visit.santcugat.cat\/es\/wp-json\/wp\/v2\/posts\/28869","targetHints":{"allow":["GET"]}}],"collection":[{"href":"https:\/\/visit.santcugat.cat\/es\/wp-json\/wp\/v2\/posts"}],"about":[{"href":"https:\/\/visit.santcugat.cat\/es\/wp-json\/wp\/v2\/types\/post"}],"author":[{"embeddable":true,"href":"https:\/\/visit.santcugat.cat\/es\/wp-json\/wp\/v2\/users\/2"}],"replies":[{"embeddable":true,"href":"https:\/\/visit.santcugat.cat\/es\/wp-json\/wp\/v2\/comments?post=28869"}],"version-history":[{"count":5,"href":"https:\/\/visit.santcugat.cat\/es\/wp-json\/wp\/v2\/posts\/28869\/revisions"}],"predecessor-version":[{"id":36564,"href":"https:\/\/visit.santcugat.cat\/es\/wp-json\/wp\/v2\/posts\/28869\/revisions\/36564"}],"wp:featuredmedia":[{"embeddable":true,"href":"https:\/\/visit.santcugat.cat\/es\/wp-json\/wp\/v2\/media\/36540"}],"wp:attachment":[{"href":"https:\/\/visit.santcugat.cat\/es\/wp-json\/wp\/v2\/media?parent=28869"}],"wp:term":[{"taxonomy":"category","embeddable":true,"href":"https:\/\/visit.santcugat.cat\/es\/wp-json\/wp\/v2\/categories?post=28869"},{"taxonomy":"post_tag","embeddable":true,"href":"https:\/\/visit.santcugat.cat\/es\/wp-json\/wp\/v2\/tags?post=28869"}],"curies":[{"name":"wp","href":"https:\/\/api.w.org\/{rel}","templated":true}]}}