{"id":21615,"date":"2022-09-29T11:39:49","date_gmt":"2022-09-29T09:39:49","guid":{"rendered":"https:\/\/visit.santcugat.cat\/arxius-i-biblioteques-en-sant-cugat\/"},"modified":"2025-11-17T09:56:40","modified_gmt":"2025-11-17T08:56:40","slug":"bibliotecas-en-sant-cugat","status":"publish","type":"post","link":"https:\/\/visit.santcugat.cat\/es\/bibliotecas-en-sant-cugat\/","title":{"rendered":"Bibliotecas, casales de cultura y espacios de &#8216;coworking&#8217; en Sant Cugat"},"content":{"rendered":"<p><div class=\"fusion-fullwidth fullwidth-box fusion-builder-row-1 fusion-flex-container nonhundred-percent-fullwidth non-hundred-percent-height-scrolling\" style=\"--awb-border-radius-top-left:0px;--awb-border-radius-top-right:0px;--awb-border-radius-bottom-right:0px;--awb-border-radius-bottom-left:0px;--awb-flex-wrap:wrap;\" ><div class=\"fusion-builder-row fusion-row fusion-flex-align-items-flex-start fusion-flex-content-wrap\" style=\"max-width:1216.8px;margin-left: calc(-4% \/ 2 );margin-right: calc(-4% \/ 2 );\"><div class=\"fusion-layout-column fusion_builder_column fusion-builder-column-0 fusion_builder_column_1_1 1_1 fusion-flex-column\" style=\"--awb-bg-size:cover;--awb-width-large:100%;--awb-margin-top-large:0px;--awb-spacing-right-large:1.92%;--awb-margin-bottom-large:0px;--awb-spacing-left-large:1.92%;--awb-width-medium:100%;--awb-spacing-right-medium:1.92%;--awb-spacing-left-medium:1.92%;--awb-width-small:100%;--awb-spacing-right-small:1.92%;--awb-spacing-left-small:1.92%;\"><div class=\"fusion-column-wrapper fusion-flex-justify-content-flex-start fusion-content-layout-column\"><div class=\"fusion-text fusion-text-1\"><div id=\"ez-toc-container\" class=\"ez-toc-v2_0_80 counter-hierarchy ez-toc-counter ez-toc-grey ez-toc-container-direction\">\n<div class=\"ez-toc-title-container\">\n<p class=\"ez-toc-title\" style=\"cursor:inherit\"><\/p>\n<span class=\"ez-toc-title-toggle\"><a href=\"#\" class=\"ez-toc-pull-right ez-toc-btn ez-toc-btn-xs ez-toc-btn-default ez-toc-toggle\" aria-label=\"Alternar tabla de contenidos\"><span class=\"ez-toc-js-icon-con\"><span class=\"\"><span class=\"eztoc-hide\" style=\"display:none;\">Toggle<\/span><span class=\"ez-toc-icon-toggle-span\"><svg style=\"fill: #999;color:#999\" xmlns=\"http:\/\/www.w3.org\/2000\/svg\" class=\"list-377408\" width=\"20px\" height=\"20px\" viewBox=\"0 0 24 24\" fill=\"none\"><path d=\"M6 6H4v2h2V6zm14 0H8v2h12V6zM4 11h2v2H4v-2zm16 0H8v2h12v-2zM4 16h2v2H4v-2zm16 0H8v2h12v-2z\" fill=\"currentColor\"><\/path><\/svg><svg style=\"fill: #999;color:#999\" class=\"arrow-unsorted-368013\" xmlns=\"http:\/\/www.w3.org\/2000\/svg\" width=\"10px\" height=\"10px\" viewBox=\"0 0 24 24\" version=\"1.2\" baseProfile=\"tiny\"><path d=\"M18.2 9.3l-6.2-6.3-6.2 6.3c-.2.2-.3.4-.3.7s.1.5.3.7c.2.2.4.3.7.3h11c.3 0 .5-.1.7-.3.2-.2.3-.5.3-.7s-.1-.5-.3-.7zM5.8 14.7l6.2 6.3 6.2-6.3c.2-.2.3-.5.3-.7s-.1-.5-.3-.7c-.2-.2-.4-.3-.7-.3h-11c-.3 0-.5.1-.7.3-.2.2-.3.5-.3.7s.1.5.3.7z\"\/><\/svg><\/span><\/span><\/span><\/a><\/span><\/div>\n<nav><ul class='ez-toc-list ez-toc-list-level-1 ' ><li class='ez-toc-page-1 ez-toc-heading-level-2'><a class=\"ez-toc-link ez-toc-heading-1\" href=\"https:\/\/visit.santcugat.cat\/es\/bibliotecas-en-sant-cugat\/#Bibliotecas_y_archivos_de_Sant_Cugat\" >Bibliotecas y archivos de Sant Cugat<\/a><ul class='ez-toc-list-level-3' ><li class='ez-toc-heading-level-3'><a class=\"ez-toc-link ez-toc-heading-2\" href=\"https:\/\/visit.santcugat.cat\/es\/bibliotecas-en-sant-cugat\/#Biblioteca_Central_Gabriel_Ferrater\" >Biblioteca Central Gabriel Ferrater<\/a><\/li><li class='ez-toc-page-1 ez-toc-heading-level-3'><a class=\"ez-toc-link ez-toc-heading-3\" href=\"https:\/\/visit.santcugat.cat\/es\/bibliotecas-en-sant-cugat\/#Biblioteca_de_Mirasol_%E2%80%93_Marta_Pessarrodona\" >Biblioteca de Mirasol &#8211; Marta Pessarrodona<\/a><\/li><li class='ez-toc-page-1 ez-toc-heading-level-3'><a class=\"ez-toc-link ez-toc-heading-4\" href=\"https:\/\/visit.santcugat.cat\/es\/bibliotecas-en-sant-cugat\/#Biblioteca_de_Volpelleres_%E2%80%93_Miquel_Batllori\" >Biblioteca de Volpelleres &#8211; Miquel Batllori<\/a><\/li><li class='ez-toc-page-1 ez-toc-heading-level-3'><a class=\"ez-toc-link ez-toc-heading-5\" href=\"https:\/\/visit.santcugat.cat\/es\/bibliotecas-en-sant-cugat\/#Biblioteca_Vall_dOr_%E2%80%93_Casa_de_La_Vila_De_Valldoreix\" >Biblioteca Vall d&#8217;Or &#8211; Casa de La Vila De Valldoreix<\/a><\/li><li class='ez-toc-page-1 ez-toc-heading-level-3'><a class=\"ez-toc-link ez-toc-heading-6\" href=\"https:\/\/visit.santcugat.cat\/es\/bibliotecas-en-sant-cugat\/#Biblioteca_Borja_Sant_Cugat\" >Biblioteca Borja Sant Cugat<\/a><\/li><li class='ez-toc-page-1 ez-toc-heading-level-3'><a class=\"ez-toc-link ez-toc-heading-7\" href=\"https:\/\/visit.santcugat.cat\/es\/bibliotecas-en-sant-cugat\/#Biblioteca_ESADE_Sant_Cugat\" >Biblioteca ESADE Sant Cugat<\/a><\/li><li class='ez-toc-page-1 ez-toc-heading-level-3'><a class=\"ez-toc-link ez-toc-heading-8\" href=\"https:\/\/visit.santcugat.cat\/es\/bibliotecas-en-sant-cugat\/#Biblioteca_de_la_Escuela_Tecnica_Superior_de_Arquitectura_del_Valles_UPC\" >Biblioteca de la Escuela T\u00e9cnica Superior de Arquitectura del Vall\u00e8s. UPC<\/a><\/li><li class='ez-toc-page-1 ez-toc-heading-level-3'><a class=\"ez-toc-link ez-toc-heading-9\" href=\"https:\/\/visit.santcugat.cat\/es\/bibliotecas-en-sant-cugat\/#Archivo_Nacional_de_Catalunya\" >Archivo Nacional de Catalunya<\/a><\/li><li class='ez-toc-page-1 ez-toc-heading-level-3'><a class=\"ez-toc-link ez-toc-heading-10\" href=\"https:\/\/visit.santcugat.cat\/es\/bibliotecas-en-sant-cugat\/#Archivo_Municipal\" >Archivo Municipal<\/a><\/li><\/ul><\/li><li class='ez-toc-page-1 ez-toc-heading-level-2'><a class=\"ez-toc-link ez-toc-heading-11\" href=\"https:\/\/visit.santcugat.cat\/es\/bibliotecas-en-sant-cugat\/#Casales_culturales\" >Casales culturales<\/a><ul class='ez-toc-list-level-3' ><li class='ez-toc-heading-level-3'><a class=\"ez-toc-link ez-toc-heading-12\" href=\"https:\/\/visit.santcugat.cat\/es\/bibliotecas-en-sant-cugat\/#Casal_Mira-sol\" >Casal Mira-sol<\/a><\/li><li class='ez-toc-page-1 ez-toc-heading-level-3'><a class=\"ez-toc-link ez-toc-heading-13\" href=\"https:\/\/visit.santcugat.cat\/es\/bibliotecas-en-sant-cugat\/#Casal_de_Les_Planes\" >Casal de Les Planes<\/a><\/li><li class='ez-toc-page-1 ez-toc-heading-level-3'><a class=\"ez-toc-link ez-toc-heading-14\" href=\"https:\/\/visit.santcugat.cat\/es\/bibliotecas-en-sant-cugat\/#Casa_de_Cultura\" >Casa de Cultura<\/a><\/li><\/ul><\/li><li class='ez-toc-page-1 ez-toc-heading-level-2'><a class=\"ez-toc-link ez-toc-heading-15\" href=\"https:\/\/visit.santcugat.cat\/es\/bibliotecas-en-sant-cugat\/#Centros_de_%E2%80%98coworking\" >Centros de &#8216;coworking&#8217;<\/a><\/li><\/ul><\/nav><\/div>\n\n<\/div><\/div><\/div><\/div><\/div><div class=\"fusion-fullwidth fullwidth-box fusion-builder-row-2 fusion-flex-container nonhundred-percent-fullwidth non-hundred-percent-height-scrolling\" style=\"--awb-border-radius-top-left:0px;--awb-border-radius-top-right:0px;--awb-border-radius-bottom-right:0px;--awb-border-radius-bottom-left:0px;--awb-flex-wrap:wrap;\" ><div class=\"fusion-builder-row fusion-row fusion-flex-align-items-flex-start fusion-flex-content-wrap\" style=\"max-width:1216.8px;margin-left: calc(-4% \/ 2 );margin-right: calc(-4% \/ 2 );\"><div class=\"fusion-layout-column fusion_builder_column fusion-builder-column-1 fusion_builder_column_1_1 1_1 fusion-flex-column\" style=\"--awb-bg-size:cover;--awb-width-large:100%;--awb-margin-top-large:0px;--awb-spacing-right-large:1.92%;--awb-margin-bottom-large:0px;--awb-spacing-left-large:1.92%;--awb-width-medium:100%;--awb-spacing-right-medium:1.92%;--awb-spacing-left-medium:1.92%;--awb-width-small:100%;--awb-spacing-right-small:1.92%;--awb-spacing-left-small:1.92%;\"><div class=\"fusion-column-wrapper fusion-flex-justify-content-flex-start fusion-content-layout-column\"><div class=\"fusion-text fusion-text-2\"><p>\u00bfSabes cu\u00e1les son los equipamientos de consulta, estudio, conocimiento y trabajo ofrece Sant Cugat? En este post presentamos todas las bibliotecas, archivos y casales culturales abiertos al p\u00fablico en Sant Cugat, para que tengas toda la informaci\u00f3n necesaria sobre estos espacios. Adem\u00e1s encontrar\u00e1s informaci\u00f3n sobre los espacios de trabajo compartidos (coworking) que se han puesto de moda en la ciudad.<\/p>\n<h2><span class=\"ez-toc-section\" id=\"Bibliotecas_y_archivos_de_Sant_Cugat\"><\/span>Bibliotecas y archivos de Sant Cugat<span class=\"ez-toc-section-end\"><\/span><\/h2>\n<p>Sant Cugat cuenta con diversas bibliotecas p\u00fablicas municipales, bibliotecas universitarias y alg\u00fan que otro archivo. \u00a1A continuaci\u00f3n te presentamos todos estos centros de la ciudad para que puedas escoger el que sea m\u00e1s adecuado para ti!<\/p>\n<ul>\n<li>\n<h3><span class=\"ez-toc-section\" id=\"Biblioteca_Central_Gabriel_Ferrater\"><\/span><u>Biblioteca Central Gabriel Ferrater<\/u><span class=\"ez-toc-section-end\"><\/span><\/h3>\n<\/li>\n<\/ul>\n<p>La Biblioteca Central Gabriel Ferrater permanecer\u00e1 <strong>cerrada hasta nuevao aviso<\/strong> por inspecci\u00f3n t\u00e9cnica y tareas de rehabilitaci\u00f3n.<br \/>\n<strong>Direcci\u00f3n:<\/strong> Avenida del Pla del Vinyet, 40, 08172 Sant Cugat del Vall\u00e8s, Barcelona<br \/>\n<strong>Tel\u00e9fono:<\/strong> 935 89 27 49<br \/>\n<strong>Web:<\/strong> <a href=\"https:\/\/bibliomil.wordpress.com\/tancament-biblioteca-central-gabriel-ferrater\/\" target=\"_blank\" rel=\"noopener nofollow\">Biblioteca Central Gabriel Ferrater\u00a0<\/a><br \/>\n<strong>Correo electr\u00f3nico:<\/strong> b.st.cugatv.gf@diba.cat<br \/>\nLa Biblioteca Central Gabriel Ferrater forma parte del <a href=\"http:\/\/www.santcugat.cat\/biblioteques\" target=\"_blank\" rel=\"nofollow\">Servicio de Bibliotecas de Sant Cugat<\/a> .<\/p>\n<ul>\n<li>\n<h3><span class=\"ez-toc-section\" id=\"Biblioteca_de_Mirasol_%E2%80%93_Marta_Pessarrodona\"><\/span><u>Biblioteca de Mirasol &#8211; Marta Pessarrodona<\/u><span class=\"ez-toc-section-end\"><\/span><\/h3>\n<\/li>\n<\/ul>\n<p><strong>Direcci\u00f3n:<\/strong> Plaza de Ausi\u00e0s March, 2, 08195 Sant Cugat del Vall\u00e8s, Barcelon<br \/>\n<strong>Tel\u00e9fono:<\/strong> 935 65 70 97<br \/>\n<strong>Web:<\/strong> <a href=\"https:\/\/bibliomil.wordpress.com\/bibliotecamirasol\/\" target=\"_blank\" rel=\"noopener nofollow\">Biblioteca Mira-sol-Marta Pessarrodona<\/a><br \/>\nCorreo electr\u00f3nico: b.st.cugatv.mp@diba.cat<br \/>\nLa Biblioteca Mira-sol &#8211; Marta Pessarrodona forma parte del <a href=\"http:\/\/www.santcugat.cat\/biblioteques\" target=\"_blank\" rel=\"noopener nofollow\">Servicio de Bibliotecas de Sant Cugat<\/a> .<\/p>\n<ul>\n<li>\n<h3><span class=\"ez-toc-section\" id=\"Biblioteca_de_Volpelleres_%E2%80%93_Miquel_Batllori\"><\/span><u>Biblioteca de Volpelleres &#8211; Miquel Batllori<\/u><span class=\"ez-toc-section-end\"><\/span><\/h3>\n<\/li>\n<\/ul>\n<p><strong>Direcci\u00f3n:<\/strong> Calle de Pau Mu\u00f1oz i Castanyer, 3, local 1, 08174 Sant Cugat del Vall\u00e8s, Barcelona<br \/>\n<strong>Tel\u00e9fono:<\/strong> 935 657 077<br \/>\n<strong>Web:<\/strong> <a href=\"https:\/\/bibliomil.wordpress.com\/bibliotecavolpelleres\/\" target=\"_blank\" rel=\"nofollow\">Biblioteca de Volpelleres &#8211; Miquel Batllori<\/a><br \/>\n<strong>Correo electr\u00f3nico:<\/strong> b.st.cugatv.mp@diba.cat<br \/>\nLa Biblioteca de Volpelleres &#8211; Miquel Batllori forma parte del <a href=\"http:\/\/www.santcugat.cat\/biblioteques\" target=\"_blank\" rel=\"nofollow\">Servicio de Bibliotecas de Sant Cugat<\/a> .<br \/>\nLos tres son <strong>espacios culturales<\/strong> <strong>para la relaci\u00f3n, el ocio y el conocimiento<\/strong> . Encontrar\u00e1 novelas, cuentos, poes\u00eda, cine, m\u00fasica, teatro, Internet, talleres, encuentros con autores y mucho m\u00e1s.<\/p>\n<ul>\n<li>\n<h3><span class=\"ez-toc-section\" id=\"Biblioteca_Vall_dOr_%E2%80%93_Casa_de_La_Vila_De_Valldoreix\"><\/span><u>Biblioteca Vall d&#8217;Or &#8211; Casa de La Vila De Valldoreix<\/u><span class=\"ez-toc-section-end\"><\/span><\/h3>\n<\/li>\n<\/ul>\n<p><strong>Direcci\u00f3n:<\/strong> Casa de la Villa de Valldoreix (Planta principal), Rambla Moss\u00e8n Jacint Verdaguer, 185, 08197 Sant Cugat del Vall\u00e8s, Barcelona<br \/>\n<strong>Tel\u00e9fono:<\/strong> 936 742 719<br \/>\n<strong>Web:<\/strong> <a href=\"http:\/\/www.valldoreix.cat\/2699-2\/\" target=\"_blank\" rel=\"noopener nofollow\">Biblioteca Vall&#8217;Or<\/a><br \/>\n<strong>Acceso directo al cat\u00e1logo:<\/strong> <a href=\"https:\/\/bibliovalldor.valldoreix.cat\/\" target=\"_blank\" rel=\"noopener nofollow\">bibliovalldor.valldoreix.cat<\/a><br \/>\n<strong>Correu electr\u00f2nic:<\/strong>\u00a0bibliovalldor@valldoreix.cat<\/p>\n<ul>\n<li>\n<h3><span class=\"ez-toc-section\" id=\"Biblioteca_Borja_Sant_Cugat\"><\/span><u>Biblioteca Borja Sant Cugat<\/u><span class=\"ez-toc-section-end\"><\/span><\/h3>\n<\/li>\n<\/ul>\n<p><strong>Direcci\u00f3n:<\/strong> Campus ESADE. Avenida Torreblanca, 59, 08172 Sant Cugat del Vall\u00e8s, Barcelona<br \/>\n<strong>Tel\u00e9fono:<\/strong> 932 806 162 ext. 5550<br \/>\n<strong>Web<\/strong> : <a href=\"https:\/\/www.esade.edu\/biblioteca-borja\/ca\" target=\"_blank\" rel=\"noopener nofollow\">Biblioteca Centro Borja<\/a><br \/>\n<strong>Correo electr\u00f3nico<\/strong> bibliotecaborja@esade.edu. De lunes a viernes es necesario pedir d\u00eda y hora al correo electr\u00f3nico de la biblioteca. Para la consulta del fondo antiguo (anterior a 1850) es necesario pedir d\u00eda y hora al correo electr\u00f3nico de la biblioteca. Recomendamos que por cualquier consulta es preferible solicitar cita previa<\/p>\n<ul>\n<li>\n<h3><span class=\"ez-toc-section\" id=\"Biblioteca_ESADE_Sant_Cugat\"><\/span><u>Biblioteca ESADE Sant Cugat<\/u><span class=\"ez-toc-section-end\"><\/span><\/h3>\n<\/li>\n<\/ul>\n<p>La Biblioteca de Esade es s\u00f3lo para miembros de ESADE-URL. Fuera de ex\u00e1menes, tambi\u00e9n pueden acceder estudiantes de otras universidades catalanas miembros del CSUC. El resto de usuarios no tienen acceso a ellos.<br \/>\n<strong>Direcci\u00f3n:<\/strong> Campus ESADE. Avenida Torreblanca, 59, 08172 Sant Cugat del Vall\u00e8s, Barcelona<br \/>\n<strong>Tel\u00e9fono:<\/strong> 932 806 162 ext. 5550<br \/>\n<strong>Web:<\/strong> <a href=\"https:\/\/www.esade.edu\/library\/ca\/coneix-nos\/horaris\" target=\"_blank\" rel=\"noopener nofollow\">Biblioteca ESADE<\/a><br \/>\n<strong>Correo electr\u00f3nico:<\/strong> biblioteca@esade.edu<\/p>\n<ul>\n<li>\n<h3><span class=\"ez-toc-section\" id=\"Biblioteca_de_la_Escuela_Tecnica_Superior_de_Arquitectura_del_Valles_UPC\"><\/span><u>Biblioteca de la Escuela T\u00e9cnica Superior de Arquitectura del Vall\u00e8s. UPC <\/u><span class=\"ez-toc-section-end\"><\/span><\/h3>\n<\/li>\n<\/ul>\n<p><strong>Direcci\u00f3n:<\/strong> Calle de Pere Serra, 1-15, 08173 Sant Cugat del Vall\u00e8s, Barcelona<br \/>\n<strong>Tel\u00e9fono:<\/strong> 934 01 78 44<br \/>\n<strong>Web:<\/strong> <a href=\"https:\/\/bibliotecnica.upc.edu\/etsav\" target=\"_blank\" rel=\"noopener nofollow\">Biblioteca ETSAV<\/a><br \/>\n<strong>Correo electr\u00f3nico:<\/strong> ETSAV@upc.edu<\/p>\n<ul>\n<li>\n<h3><span class=\"ez-toc-section\" id=\"Archivo_Nacional_de_Catalunya\"><\/span><u>Archivo Nacional de Catalunya<\/u><span class=\"ez-toc-section-end\"><\/span><\/h3>\n<\/li>\n<\/ul>\n<p><strong>Direcci\u00f3n:<\/strong> Calle de Jaume I, 33-51, &#8211; 08195 Sant Cugat del Vall\u00e8s, Barcelona<br \/>\n<strong>Tel\u00e9fono:<\/strong> 935 545 249 \/ 935 545 230<br \/>\n<strong>Web:<\/strong> <a href=\"http:\/\/anc.gencat.cat\/ca\/index.html\" target=\"_blank\" rel=\"noopener nofollow\">Archivo Nacional de Catalu\u00f1a<\/a><br \/>\n<strong>Correo electr\u00f3nico:<\/strong> ancsala@gencat.cat<br \/>\n<strong>Descripci\u00f3n<\/strong><br \/>\nAdscrito al Departamento de Cultura y Medios de Comunicaci\u00f3n, dentro de la Direcci\u00f3n General del Patrimonio Cultural, el Archivo Nacional de Catalunya, creado en 1980, es la instituci\u00f3n archiv\u00edstica capital del pa\u00eds, encargada de reunir, conservar y difundir el patrimonio documental de Catalu\u00f1a.<br \/>\nTodos los documentos del archivo son consultables en la sala de consulta una vez que disponen de un instrumento de descripci\u00f3n adecuado. Solo se excluyen de consulta aquellos documentos que est\u00e1n sujetos a restricciones de acceso por razones de conservaci\u00f3n o legales.<br \/>\nPara acceder a la sala de consulta, es necesario que los usuarios sean <strong>mayores de 16 a\u00f1os<\/strong> y se acrediten con el <strong>DNI,<\/strong> pasaporte o carn\u00e9 de conducir.<br \/>\nLa reserva previa de documentos puede solicitarse telef\u00f3nicamente o por correo electr\u00f3nico.<\/p>\n<ul>\n<li>\n<h3><span class=\"ez-toc-section\" id=\"Archivo_Municipal\"><\/span><u>Archivo Municipal<\/u><span class=\"ez-toc-section-end\"><\/span><\/h3>\n<\/li>\n<\/ul>\n<h4><strong><em>Archivo Administrativo<\/em><\/strong><\/h4>\n<p><strong>Direcci\u00f3n:<\/strong> Plaza de la Vila, 1 &#8211; 08172 Sant Cugat del Vall\u00e8s, Barcelona<br \/>\n<strong>Tel\u00e9fono:<\/strong> 935 657 000<br \/>\n<strong>Web:<\/strong> <a href=\"http:\/\/www.santcugat.cat\/web\/arxiu\" target=\"_blank\" rel=\"noopener nofollow\">Archivo Municipal<\/a><br \/>\n<strong>Correo electr\u00f3nico:<\/strong> arxiu@santcugat.cat<br \/>\n<strong>Descripci\u00f3n<\/strong><br \/>\nEl <strong>Archivo Municipal<\/strong> conserva la documentaci\u00f3n generada por el Ayuntamiento que tiene entre 5 y 30 a\u00f1os de antig\u00fcedad. Asimismo conserva y gestiona fondos documentales privados ingresados \u200b\u200bpor voluntad de los propietarios.<\/p>\n<h4><em>Archivo Hist\u00f3rico <\/em><\/h4>\n<p><strong>Direcci\u00f3n:<\/strong> Calle de Jaume I, 33-51, &#8211; 08195 Sant Cugat del Vall\u00e8s, Barcelona<br \/>\n<strong>Tel\u00e9fono:<\/strong> 935 657 000<br \/>\n<strong>Correo electr\u00f3nico:<\/strong> arxiu@santcugat.cat<br \/>\n<strong>Web:<\/strong> <a href=\"http:\/\/www.santcugat.cat\/web\/arxiu\" target=\"_blank\" rel=\"noopener nofollow\">Archivo Municipal<\/a><br \/>\n<strong>Descripci\u00f3n<\/strong><br \/>\nEl Archivo Hist\u00f3rico Municipal conserva <strong>documentaci\u00f3n de m\u00e1s de 30 a\u00f1os<\/strong> de antig\u00fcedad. F\u00edsicamente, se encuentra en <strong><a href=\"https:\/\/www.santcugat.cat\/?go=6960108afce337618e75b35d4eadcec9e8e3fd9ab3dd908ca7049f3a2ff2696bdf2034c51b9f1352bc6a88a22b352bf803acb38c82d6c26f99e21e35b8274b54e9e6b759373557d9d97f2e9c2ba9cf24d537d4056f66e12da22739ba557666d691b731633d21fb59c7abf7d6b1baf7155c3bf4f7288b4a9bf2983aa595f453ff4e9a224b94e8cdc408548273913d009bfa09cff8499f0e2f621378d9880a1283f2e1f77ba5d8d837b2b9f1aaa455d770a9f7322178b830b5\" target=\"_blank\" rel=\"nofollow\">el Archivo<\/a><\/strong> <a href=\"https:\/\/www.santcugat.cat\/?go=6960108afce337618e75b35d4eadcec9e8e3fd9ab3dd908ca7049f3a2ff2696bdf2034c51b9f1352bc6a88a22b352bf803acb38c82d6c26f99e21e35b8274b54e9e6b759373557d9d97f2e9c2ba9cf24d537d4056f66e12da22739ba557666d691b731633d21fb59c7abf7d6b1baf7155c3bf4f7288b4a9bf2983aa595f453ff4e9a224b94e8cdc408548273913d009bfa09cff8499f0e2f621378d9880a1283f2e1f77ba5d8d837b2b9f1aaa455d770a9f7322178b830b5\" target=\"_blank\" rel=\"noopener nofollow\"><strong>Nacional de Catalu\u00f1a<\/strong><\/a> , pero su gesti\u00f3n est\u00e1 a cargo del personal del <a href=\"https:\/\/www.santcugat.cat\/?go=6960108afce337618e75b35d4eadcec9e8e3fd9ab3dd908ca7049f3a2ff2696bdf2034c51b9f1352a9ec7f134a7ee839da50a6351a6471404252e3bed9f41e4ae8cf3eadebc0e35e3b90de6425aeb3a94b763e3cc5637a065de79c7fec585ba79b3c969a7e4fd997e77ce3a1aad785d83b1055eca11ded4492935fb746aa7d0f83dfee67531a7401e6ccd7e5ab25fc306e22a15e437286f4e65107c9804ede24234575628a32e3368f5ce67c592fa6393a46ae8bf4f577a1\" target=\"_blank\" rel=\"noopener nofollow\"><strong>Archivo Municipal<\/strong><\/a> . Para b\u00fasquedas concretas de documentaci\u00f3n es necesario contactar con el personal del Archivo Administrativo.<\/p>\n<h2><span class=\"ez-toc-section\" id=\"Casales_culturales\"><\/span>Casales culturales<span class=\"ez-toc-section-end\"><\/span><\/h2>\n<ul>\n<li>\n<h3><span class=\"ez-toc-section\" id=\"Casal_Mira-sol\"><\/span><u>Casal Mira-sol <\/u><span class=\"ez-toc-section-end\"><\/span><\/h3>\n<\/li>\n<\/ul>\n<p><strong>Direcci\u00f3n:<\/strong> Calle de Mallorca, 42, 08195, Sant Cugat del Vall\u00e8s, Barcelona<br \/>\n<strong>Tel\u00e9fono<\/strong> 935 892 018<br \/>\n<strong>Correo electr\u00f3nico:<\/strong> casalmirasol@santcugat.cat<br \/>\n<strong>Web:<\/strong> <a href=\"https:\/\/centresculturals.santcugat.cat\/14396\/centre\/http:\/\/bibliomil.wordpress.com\/\" target=\"_blank\" rel=\"noopener nofollow\">Casal Mira-sol<\/a><\/p>\n<ul>\n<li>\n<h3><span class=\"ez-toc-section\" id=\"Casal_de_Les_Planes\"><\/span><u>Casal de Les Planes <\/u><span class=\"ez-toc-section-end\"><\/span><\/h3>\n<\/li>\n<\/ul>\n<p><strong>Direcci\u00f3n:<\/strong> Plaza del Coll de la Creu d&#8217;en Blau, 7, 08196 Sant Cugat del Vall\u00e8s, Barcelona<br \/>\n<strong>Tel\u00e9fono:<\/strong> 93 675 51 05<br \/>\n<strong>Correo electr\u00f3nico:<\/strong> casallesplanes@santcugat.cat<br \/>\n<strong>Web:<\/strong> <a href=\"https:\/\/centresculturals.santcugat.cat\/14318\/centre\/\" target=\"_blank\" rel=\"noopener nofollow\">Casal Les Planes<\/a><\/p>\n<ul>\n<li>\n<h3><span class=\"ez-toc-section\" id=\"Casa_de_Cultura\"><\/span><u>Casa de Cultura <\/u><span class=\"ez-toc-section-end\"><\/span><\/h3>\n<\/li>\n<\/ul>\n<p><strong>Direcci\u00f3n:<\/strong> Calle de Castellv\u00ed, 8 (Jardines del Monasterio) 08173 Sant Cugat del Vall\u00e8s, Barcelona<br \/>\n<strong>Tel\u00e9fono:<\/strong> 93 589 13 82<br \/>\n<strong>Correo electr\u00f3nico:<\/strong> casadecultura@santcugat.cat<br \/>\n<strong>Web:<\/strong> <a href=\"https:\/\/centresculturals.santcugat.cat\/14363\/centre\/\" target=\"_blank\" rel=\"noopener nofollow\">Casa de Cultura<\/a><\/p>\n<h2><span class=\"ez-toc-section\" id=\"Centros_de_%E2%80%98coworking\"><\/span>Centros de &#8216;coworking&#8217;<span class=\"ez-toc-section-end\"><\/span><\/h2>\n<p>Como era de esperar Sant Cugat, como ciudad moderna e innovadora, se ha sumado a la moda de los espacios de &#8216;coworking&#8217;, una forma de trabajo en la que aut\u00f3nomos, empresarios, empleados o startups comparten un espacio f\u00edsico donde desarrollar su actividad. Los espacios de &#8216;coworking&#8217; ofrecen multitud de comodidades a sus usuarios y todas las herramientas necesarias para poder trabajar. Se pueden alquilar desde mesas individuales o grupales hasta oficinas privadas, salas de reuniones o salas de eventos. En Sant Cugat hay un <a href=\"https:\/\/coworkingspain.es\/espacios\/coworking\/sant-cugat-del-valles\" target=\"_blank\" rel=\"nofollow\">mont\u00f3n de coworkings<\/a> donde elegir para cada situaci\u00f3n, tanto en el centro como en los parques empresariales. \u00a1T\u00fa eliges!<\/p>\n<\/div><\/div><\/div><\/div><\/div><\/p>\n","protected":false},"excerpt":{"rendered":"","protected":false},"author":2,"featured_media":35061,"comment_status":"open","ping_status":"open","sticky":false,"template":"","format":"standard","meta":{"_joinchat":[],"footnotes":""},"categories":[328,213,9],"tags":[],"class_list":["post-21615","post","type-post","status-publish","format-standard","has-post-thumbnail","hentry","category-blog-es","category-cultura-y-ocio","category-sin-categorizar"],"yoast_head":"<!-- This site is optimized with the Yoast SEO plugin v27.4 - https:\/\/yoast.com\/product\/yoast-seo-wordpress\/ -->\n<title>Bibliotecas y espacios de trabajo en Sant Cugat, Barcelona<\/title>\n<meta name=\"description\" content=\"En Sant Cugat tenemos un servicio amplio de bibliotecas y archivos, entra y consultar los archivos y \u2714 las bibliotecas de Sant Cugat \u2714.\" \/>\n<meta name=\"robots\" content=\"index, follow, max-snippet:-1, max-image-preview:large, max-video-preview:-1\" \/>\n<link rel=\"canonical\" href=\"https:\/\/visit.santcugat.cat\/es\/bibliotecas-en-sant-cugat\/\" \/>\n<meta property=\"og:locale\" content=\"es_ES\" \/>\n<meta property=\"og:type\" content=\"article\" \/>\n<meta property=\"og:title\" content=\"Bibliotecas y espacios de trabajo en Sant Cugat, Barcelona\" \/>\n<meta property=\"og:description\" content=\"En Sant Cugat tenemos un servicio amplio de bibliotecas y archivos, entra y consultar los archivos y \u2714 las bibliotecas de Sant Cugat \u2714.\" \/>\n<meta property=\"og:url\" content=\"https:\/\/visit.santcugat.cat\/es\/bibliotecas-en-sant-cugat\/\" \/>\n<meta property=\"og:site_name\" content=\"Visit Sant Cugat\" \/>\n<meta property=\"article:publisher\" content=\"https:\/\/www.facebook.com\/visitsantcugat\/\" \/>\n<meta property=\"article:published_time\" content=\"2022-09-29T09:39:49+00:00\" \/>\n<meta property=\"article:modified_time\" content=\"2025-11-17T08:56:40+00:00\" \/>\n<meta property=\"og:image\" content=\"https:\/\/visit.santcugat.cat\/wp-content\/uploads\/2022\/09\/llibres-biblioteca-1-e1668169529422.webp\" \/>\n\t<meta property=\"og:image:width\" content=\"800\" \/>\n\t<meta property=\"og:image:height\" content=\"424\" \/>\n\t<meta property=\"og:image:type\" content=\"image\/webp\" \/>\n<meta name=\"author\" content=\"Visit Sant Cugat\" \/>\n<meta name=\"twitter:card\" content=\"summary_large_image\" \/>\n<meta name=\"twitter:creator\" content=\"@ajsantcugat\" \/>\n<meta name=\"twitter:site\" content=\"@ajsantcugat\" \/>\n<meta name=\"twitter:label1\" content=\"Escrito por\" \/>\n\t<meta name=\"twitter:data1\" content=\"Visit Sant Cugat\" \/>\n\t<meta name=\"twitter:label2\" content=\"Tiempo de lectura\" \/>\n\t<meta name=\"twitter:data2\" content=\"6 minutos\" \/>\n<script type=\"application\/ld+json\" class=\"yoast-schema-graph\">{\"@context\":\"https:\\\/\\\/schema.org\",\"@graph\":[{\"@type\":\"Article\",\"@id\":\"https:\\\/\\\/visit.santcugat.cat\\\/es\\\/bibliotecas-en-sant-cugat\\\/#article\",\"isPartOf\":{\"@id\":\"https:\\\/\\\/visit.santcugat.cat\\\/es\\\/bibliotecas-en-sant-cugat\\\/\"},\"author\":{\"name\":\"Visit Sant Cugat\",\"@id\":\"https:\\\/\\\/visit.santcugat.cat\\\/fr\\\/#\\\/schema\\\/person\\\/8a8e4aed4243b83ef2e2de63dafd42b2\"},\"headline\":\"Bibliotecas, casales de cultura y espacios de &#8216;coworking&#8217; en Sant Cugat\",\"datePublished\":\"2022-09-29T09:39:49+00:00\",\"dateModified\":\"2025-11-17T08:56:40+00:00\",\"mainEntityOfPage\":{\"@id\":\"https:\\\/\\\/visit.santcugat.cat\\\/es\\\/bibliotecas-en-sant-cugat\\\/\"},\"wordCount\":1491,\"commentCount\":0,\"publisher\":{\"@id\":\"https:\\\/\\\/visit.santcugat.cat\\\/fr\\\/#organization\"},\"image\":{\"@id\":\"https:\\\/\\\/visit.santcugat.cat\\\/es\\\/bibliotecas-en-sant-cugat\\\/#primaryimage\"},\"thumbnailUrl\":\"https:\\\/\\\/visit.santcugat.cat\\\/wp-content\\\/uploads\\\/2022\\\/09\\\/llibres-biblioteca-1-e1668169529422.webp\",\"articleSection\":[\"Blog\",\"Cultura y ocio\",\"General\"],\"inLanguage\":\"es\",\"potentialAction\":[{\"@type\":\"CommentAction\",\"name\":\"Comment\",\"target\":[\"https:\\\/\\\/visit.santcugat.cat\\\/es\\\/bibliotecas-en-sant-cugat\\\/#respond\"]}]},{\"@type\":\"WebPage\",\"@id\":\"https:\\\/\\\/visit.santcugat.cat\\\/es\\\/bibliotecas-en-sant-cugat\\\/\",\"url\":\"https:\\\/\\\/visit.santcugat.cat\\\/es\\\/bibliotecas-en-sant-cugat\\\/\",\"name\":\"Bibliotecas y espacios de trabajo en Sant Cugat, Barcelona\",\"isPartOf\":{\"@id\":\"https:\\\/\\\/visit.santcugat.cat\\\/fr\\\/#website\"},\"primaryImageOfPage\":{\"@id\":\"https:\\\/\\\/visit.santcugat.cat\\\/es\\\/bibliotecas-en-sant-cugat\\\/#primaryimage\"},\"image\":{\"@id\":\"https:\\\/\\\/visit.santcugat.cat\\\/es\\\/bibliotecas-en-sant-cugat\\\/#primaryimage\"},\"thumbnailUrl\":\"https:\\\/\\\/visit.santcugat.cat\\\/wp-content\\\/uploads\\\/2022\\\/09\\\/llibres-biblioteca-1-e1668169529422.webp\",\"datePublished\":\"2022-09-29T09:39:49+00:00\",\"dateModified\":\"2025-11-17T08:56:40+00:00\",\"description\":\"En Sant Cugat tenemos un servicio amplio de bibliotecas y archivos, entra y consultar los archivos y \u2714 las bibliotecas de Sant Cugat \u2714.\",\"breadcrumb\":{\"@id\":\"https:\\\/\\\/visit.santcugat.cat\\\/es\\\/bibliotecas-en-sant-cugat\\\/#breadcrumb\"},\"inLanguage\":\"es\",\"potentialAction\":[{\"@type\":\"ReadAction\",\"target\":[\"https:\\\/\\\/visit.santcugat.cat\\\/es\\\/bibliotecas-en-sant-cugat\\\/\"]}]},{\"@type\":\"ImageObject\",\"inLanguage\":\"es\",\"@id\":\"https:\\\/\\\/visit.santcugat.cat\\\/es\\\/bibliotecas-en-sant-cugat\\\/#primaryimage\",\"url\":\"https:\\\/\\\/visit.santcugat.cat\\\/wp-content\\\/uploads\\\/2022\\\/09\\\/llibres-biblioteca-1-e1668169529422.webp\",\"contentUrl\":\"https:\\\/\\\/visit.santcugat.cat\\\/wp-content\\\/uploads\\\/2022\\\/09\\\/llibres-biblioteca-1-e1668169529422.webp\",\"width\":800,\"height\":424,\"caption\":\"llibres biblioteca\"},{\"@type\":\"BreadcrumbList\",\"@id\":\"https:\\\/\\\/visit.santcugat.cat\\\/es\\\/bibliotecas-en-sant-cugat\\\/#breadcrumb\",\"itemListElement\":[{\"@type\":\"ListItem\",\"position\":1,\"name\":\"Inici\",\"item\":\"https:\\\/\\\/visit.santcugat.cat\\\/es\\\/\"},{\"@type\":\"ListItem\",\"position\":2,\"name\":\"Bibliotecas, casales de cultura y espacios de &#8216;coworking&#8217; en Sant Cugat\"}]},{\"@type\":\"WebSite\",\"@id\":\"https:\\\/\\\/visit.santcugat.cat\\\/fr\\\/#website\",\"url\":\"https:\\\/\\\/visit.santcugat.cat\\\/fr\\\/\",\"name\":\"Visit Sant Cugat\",\"description\":\"Turisme de Sant Cugat\",\"publisher\":{\"@id\":\"https:\\\/\\\/visit.santcugat.cat\\\/fr\\\/#organization\"},\"potentialAction\":[{\"@type\":\"SearchAction\",\"target\":{\"@type\":\"EntryPoint\",\"urlTemplate\":\"https:\\\/\\\/visit.santcugat.cat\\\/fr\\\/?s={search_term_string}\"},\"query-input\":{\"@type\":\"PropertyValueSpecification\",\"valueRequired\":true,\"valueName\":\"search_term_string\"}}],\"inLanguage\":\"es\"},{\"@type\":\"Organization\",\"@id\":\"https:\\\/\\\/visit.santcugat.cat\\\/fr\\\/#organization\",\"name\":\"Visit Sant Cugat - Turisme de Sant Cugat - Barcelona\",\"url\":\"https:\\\/\\\/visit.santcugat.cat\\\/fr\\\/\",\"logo\":{\"@type\":\"ImageObject\",\"inLanguage\":\"es\",\"@id\":\"https:\\\/\\\/visit.santcugat.cat\\\/fr\\\/#\\\/schema\\\/logo\\\/image\\\/\",\"url\":\"https:\\\/\\\/visit.santcugat.cat\\\/wp-content\\\/uploads\\\/2020\\\/09\\\/logo.png\",\"contentUrl\":\"https:\\\/\\\/visit.santcugat.cat\\\/wp-content\\\/uploads\\\/2020\\\/09\\\/logo.png\",\"width\":200,\"height\":44,\"caption\":\"Visit Sant Cugat - Turisme de Sant Cugat - Barcelona\"},\"image\":{\"@id\":\"https:\\\/\\\/visit.santcugat.cat\\\/fr\\\/#\\\/schema\\\/logo\\\/image\\\/\"},\"sameAs\":[\"https:\\\/\\\/www.facebook.com\\\/visitsantcugat\\\/\",\"https:\\\/\\\/x.com\\\/ajsantcugat\",\"https:\\\/\\\/www.instagram.com\\\/visitsantcugat\\\/\",\"https:\\\/\\\/ca.wikipedia.org\\\/wiki\\\/Sant_Cugat_del_Vall\u00e8s\"]},{\"@type\":\"Person\",\"@id\":\"https:\\\/\\\/visit.santcugat.cat\\\/fr\\\/#\\\/schema\\\/person\\\/8a8e4aed4243b83ef2e2de63dafd42b2\",\"name\":\"Visit Sant Cugat\",\"image\":{\"@type\":\"ImageObject\",\"inLanguage\":\"es\",\"@id\":\"https:\\\/\\\/secure.gravatar.com\\\/avatar\\\/85a626c11e885e8c2c556107d642611e0d09a4b062070ac1baf821061821f4a3?s=96&d=mm&r=g\",\"url\":\"https:\\\/\\\/secure.gravatar.com\\\/avatar\\\/85a626c11e885e8c2c556107d642611e0d09a4b062070ac1baf821061821f4a3?s=96&d=mm&r=g\",\"contentUrl\":\"https:\\\/\\\/secure.gravatar.com\\\/avatar\\\/85a626c11e885e8c2c556107d642611e0d09a4b062070ac1baf821061821f4a3?s=96&d=mm&r=g\",\"caption\":\"Visit Sant Cugat\"}}]}<\/script>\n<!-- \/ Yoast SEO plugin. -->","yoast_head_json":{"title":"Bibliotecas y espacios de trabajo en Sant Cugat, Barcelona","description":"En Sant Cugat tenemos un servicio amplio de bibliotecas y archivos, entra y consultar los archivos y \u2714 las bibliotecas de Sant Cugat \u2714.","robots":{"index":"index","follow":"follow","max-snippet":"max-snippet:-1","max-image-preview":"max-image-preview:large","max-video-preview":"max-video-preview:-1"},"canonical":"https:\/\/visit.santcugat.cat\/es\/bibliotecas-en-sant-cugat\/","og_locale":"es_ES","og_type":"article","og_title":"Bibliotecas y espacios de trabajo en Sant Cugat, Barcelona","og_description":"En Sant Cugat tenemos un servicio amplio de bibliotecas y archivos, entra y consultar los archivos y \u2714 las bibliotecas de Sant Cugat \u2714.","og_url":"https:\/\/visit.santcugat.cat\/es\/bibliotecas-en-sant-cugat\/","og_site_name":"Visit Sant Cugat","article_publisher":"https:\/\/www.facebook.com\/visitsantcugat\/","article_published_time":"2022-09-29T09:39:49+00:00","article_modified_time":"2025-11-17T08:56:40+00:00","og_image":[{"width":800,"height":424,"url":"https:\/\/visit.santcugat.cat\/wp-content\/uploads\/2022\/09\/llibres-biblioteca-1-e1668169529422.webp","type":"image\/webp"}],"author":"Visit Sant Cugat","twitter_card":"summary_large_image","twitter_creator":"@ajsantcugat","twitter_site":"@ajsantcugat","twitter_misc":{"Escrito por":"Visit Sant Cugat","Tiempo de lectura":"6 minutos"},"schema":{"@context":"https:\/\/schema.org","@graph":[{"@type":"Article","@id":"https:\/\/visit.santcugat.cat\/es\/bibliotecas-en-sant-cugat\/#article","isPartOf":{"@id":"https:\/\/visit.santcugat.cat\/es\/bibliotecas-en-sant-cugat\/"},"author":{"name":"Visit Sant Cugat","@id":"https:\/\/visit.santcugat.cat\/fr\/#\/schema\/person\/8a8e4aed4243b83ef2e2de63dafd42b2"},"headline":"Bibliotecas, casales de cultura y espacios de &#8216;coworking&#8217; en Sant Cugat","datePublished":"2022-09-29T09:39:49+00:00","dateModified":"2025-11-17T08:56:40+00:00","mainEntityOfPage":{"@id":"https:\/\/visit.santcugat.cat\/es\/bibliotecas-en-sant-cugat\/"},"wordCount":1491,"commentCount":0,"publisher":{"@id":"https:\/\/visit.santcugat.cat\/fr\/#organization"},"image":{"@id":"https:\/\/visit.santcugat.cat\/es\/bibliotecas-en-sant-cugat\/#primaryimage"},"thumbnailUrl":"https:\/\/visit.santcugat.cat\/wp-content\/uploads\/2022\/09\/llibres-biblioteca-1-e1668169529422.webp","articleSection":["Blog","Cultura y ocio","General"],"inLanguage":"es","potentialAction":[{"@type":"CommentAction","name":"Comment","target":["https:\/\/visit.santcugat.cat\/es\/bibliotecas-en-sant-cugat\/#respond"]}]},{"@type":"WebPage","@id":"https:\/\/visit.santcugat.cat\/es\/bibliotecas-en-sant-cugat\/","url":"https:\/\/visit.santcugat.cat\/es\/bibliotecas-en-sant-cugat\/","name":"Bibliotecas y espacios de trabajo en Sant Cugat, Barcelona","isPartOf":{"@id":"https:\/\/visit.santcugat.cat\/fr\/#website"},"primaryImageOfPage":{"@id":"https:\/\/visit.santcugat.cat\/es\/bibliotecas-en-sant-cugat\/#primaryimage"},"image":{"@id":"https:\/\/visit.santcugat.cat\/es\/bibliotecas-en-sant-cugat\/#primaryimage"},"thumbnailUrl":"https:\/\/visit.santcugat.cat\/wp-content\/uploads\/2022\/09\/llibres-biblioteca-1-e1668169529422.webp","datePublished":"2022-09-29T09:39:49+00:00","dateModified":"2025-11-17T08:56:40+00:00","description":"En Sant Cugat tenemos un servicio amplio de bibliotecas y archivos, entra y consultar los archivos y \u2714 las bibliotecas de Sant Cugat \u2714.","breadcrumb":{"@id":"https:\/\/visit.santcugat.cat\/es\/bibliotecas-en-sant-cugat\/#breadcrumb"},"inLanguage":"es","potentialAction":[{"@type":"ReadAction","target":["https:\/\/visit.santcugat.cat\/es\/bibliotecas-en-sant-cugat\/"]}]},{"@type":"ImageObject","inLanguage":"es","@id":"https:\/\/visit.santcugat.cat\/es\/bibliotecas-en-sant-cugat\/#primaryimage","url":"https:\/\/visit.santcugat.cat\/wp-content\/uploads\/2022\/09\/llibres-biblioteca-1-e1668169529422.webp","contentUrl":"https:\/\/visit.santcugat.cat\/wp-content\/uploads\/2022\/09\/llibres-biblioteca-1-e1668169529422.webp","width":800,"height":424,"caption":"llibres biblioteca"},{"@type":"BreadcrumbList","@id":"https:\/\/visit.santcugat.cat\/es\/bibliotecas-en-sant-cugat\/#breadcrumb","itemListElement":[{"@type":"ListItem","position":1,"name":"Inici","item":"https:\/\/visit.santcugat.cat\/es\/"},{"@type":"ListItem","position":2,"name":"Bibliotecas, casales de cultura y espacios de &#8216;coworking&#8217; en Sant Cugat"}]},{"@type":"WebSite","@id":"https:\/\/visit.santcugat.cat\/fr\/#website","url":"https:\/\/visit.santcugat.cat\/fr\/","name":"Visit Sant Cugat","description":"Turisme de Sant Cugat","publisher":{"@id":"https:\/\/visit.santcugat.cat\/fr\/#organization"},"potentialAction":[{"@type":"SearchAction","target":{"@type":"EntryPoint","urlTemplate":"https:\/\/visit.santcugat.cat\/fr\/?s={search_term_string}"},"query-input":{"@type":"PropertyValueSpecification","valueRequired":true,"valueName":"search_term_string"}}],"inLanguage":"es"},{"@type":"Organization","@id":"https:\/\/visit.santcugat.cat\/fr\/#organization","name":"Visit Sant Cugat - Turisme de Sant Cugat - Barcelona","url":"https:\/\/visit.santcugat.cat\/fr\/","logo":{"@type":"ImageObject","inLanguage":"es","@id":"https:\/\/visit.santcugat.cat\/fr\/#\/schema\/logo\/image\/","url":"https:\/\/visit.santcugat.cat\/wp-content\/uploads\/2020\/09\/logo.png","contentUrl":"https:\/\/visit.santcugat.cat\/wp-content\/uploads\/2020\/09\/logo.png","width":200,"height":44,"caption":"Visit Sant Cugat - Turisme de Sant Cugat - Barcelona"},"image":{"@id":"https:\/\/visit.santcugat.cat\/fr\/#\/schema\/logo\/image\/"},"sameAs":["https:\/\/www.facebook.com\/visitsantcugat\/","https:\/\/x.com\/ajsantcugat","https:\/\/www.instagram.com\/visitsantcugat\/","https:\/\/ca.wikipedia.org\/wiki\/Sant_Cugat_del_Vall\u00e8s"]},{"@type":"Person","@id":"https:\/\/visit.santcugat.cat\/fr\/#\/schema\/person\/8a8e4aed4243b83ef2e2de63dafd42b2","name":"Visit Sant Cugat","image":{"@type":"ImageObject","inLanguage":"es","@id":"https:\/\/secure.gravatar.com\/avatar\/85a626c11e885e8c2c556107d642611e0d09a4b062070ac1baf821061821f4a3?s=96&d=mm&r=g","url":"https:\/\/secure.gravatar.com\/avatar\/85a626c11e885e8c2c556107d642611e0d09a4b062070ac1baf821061821f4a3?s=96&d=mm&r=g","contentUrl":"https:\/\/secure.gravatar.com\/avatar\/85a626c11e885e8c2c556107d642611e0d09a4b062070ac1baf821061821f4a3?s=96&d=mm&r=g","caption":"Visit Sant Cugat"}}]}},"_links":{"self":[{"href":"https:\/\/visit.santcugat.cat\/es\/wp-json\/wp\/v2\/posts\/21615","targetHints":{"allow":["GET"]}}],"collection":[{"href":"https:\/\/visit.santcugat.cat\/es\/wp-json\/wp\/v2\/posts"}],"about":[{"href":"https:\/\/visit.santcugat.cat\/es\/wp-json\/wp\/v2\/types\/post"}],"author":[{"embeddable":true,"href":"https:\/\/visit.santcugat.cat\/es\/wp-json\/wp\/v2\/users\/2"}],"replies":[{"embeddable":true,"href":"https:\/\/visit.santcugat.cat\/es\/wp-json\/wp\/v2\/comments?post=21615"}],"version-history":[{"count":5,"href":"https:\/\/visit.santcugat.cat\/es\/wp-json\/wp\/v2\/posts\/21615\/revisions"}],"predecessor-version":[{"id":45336,"href":"https:\/\/visit.santcugat.cat\/es\/wp-json\/wp\/v2\/posts\/21615\/revisions\/45336"}],"wp:featuredmedia":[{"embeddable":true,"href":"https:\/\/visit.santcugat.cat\/es\/wp-json\/wp\/v2\/media\/35061"}],"wp:attachment":[{"href":"https:\/\/visit.santcugat.cat\/es\/wp-json\/wp\/v2\/media?parent=21615"}],"wp:term":[{"taxonomy":"category","embeddable":true,"href":"https:\/\/visit.santcugat.cat\/es\/wp-json\/wp\/v2\/categories?post=21615"},{"taxonomy":"post_tag","embeddable":true,"href":"https:\/\/visit.santcugat.cat\/es\/wp-json\/wp\/v2\/tags?post=21615"}],"curies":[{"name":"wp","href":"https:\/\/api.w.org\/{rel}","templated":true}]}}