{"id":17811,"date":"2025-02-18T10:26:22","date_gmt":"2025-02-18T09:26:22","guid":{"rendered":"https:\/\/visit.santcugat.cat\/?p=17811"},"modified":"2025-03-04T10:07:40","modified_gmt":"2025-03-04T09:07:40","slug":"dias-festivos-en-sant-cugat","status":"publish","type":"post","link":"https:\/\/visit.santcugat.cat\/es\/dias-festivos-en-sant-cugat\/","title":{"rendered":"D\u00edas festivos en Sant Cugat 2025"},"content":{"rendered":"<p><div class=\"fusion-fullwidth fullwidth-box fusion-builder-row-1 fusion-flex-container nonhundred-percent-fullwidth non-hundred-percent-height-scrolling\" style=\"--awb-border-radius-top-left:0px;--awb-border-radius-top-right:0px;--awb-border-radius-bottom-right:0px;--awb-border-radius-bottom-left:0px;--awb-flex-wrap:wrap;\" ><div class=\"fusion-builder-row fusion-row fusion-flex-align-items-flex-start fusion-flex-content-wrap\" style=\"max-width:1216.8px;margin-left: calc(-4% \/ 2 );margin-right: calc(-4% \/ 2 );\"><div class=\"fusion-layout-column fusion_builder_column fusion-builder-column-0 fusion_builder_column_1_1 1_1 fusion-flex-column\" style=\"--awb-bg-size:cover;--awb-width-large:100%;--awb-margin-top-large:0px;--awb-spacing-right-large:1.92%;--awb-margin-bottom-large:0px;--awb-spacing-left-large:1.92%;--awb-width-medium:100%;--awb-spacing-right-medium:1.92%;--awb-spacing-left-medium:1.92%;--awb-width-small:100%;--awb-spacing-right-small:1.92%;--awb-spacing-left-small:1.92%;\"><div class=\"fusion-column-wrapper fusion-flex-justify-content-flex-start fusion-content-layout-column\"><div class=\"fusion-text fusion-text-1\"><div class=\"fusion-text fusion-text-1\"><\/div>\n<p><strong>Te descubrimos cu\u00e1les ser\u00e1n los d\u00edas festivos en Sant Cugat 2025 para que puedas organizar tu agenda.<\/strong> Ya puedes apuntarte los puentes, d\u00edas festivos y fiestas locales que conforman el calendario de este a\u00f1o. A continuaci\u00f3n, te presentamos todos los detalles.<\/p>\n<div id=\"ez-toc-container\" class=\"ez-toc-v2_0_80 counter-hierarchy ez-toc-counter ez-toc-grey ez-toc-container-direction\">\n<div class=\"ez-toc-title-container\">\n<p class=\"ez-toc-title\" style=\"cursor:inherit\"><\/p>\n<span class=\"ez-toc-title-toggle\"><a href=\"#\" class=\"ez-toc-pull-right ez-toc-btn ez-toc-btn-xs ez-toc-btn-default ez-toc-toggle\" aria-label=\"Alternar tabla de contenidos\"><span class=\"ez-toc-js-icon-con\"><span class=\"\"><span class=\"eztoc-hide\" style=\"display:none;\">Toggle<\/span><span class=\"ez-toc-icon-toggle-span\"><svg style=\"fill: #999;color:#999\" xmlns=\"http:\/\/www.w3.org\/2000\/svg\" class=\"list-377408\" width=\"20px\" height=\"20px\" viewBox=\"0 0 24 24\" fill=\"none\"><path d=\"M6 6H4v2h2V6zm14 0H8v2h12V6zM4 11h2v2H4v-2zm16 0H8v2h12v-2zM4 16h2v2H4v-2zm16 0H8v2h12v-2z\" fill=\"currentColor\"><\/path><\/svg><svg style=\"fill: #999;color:#999\" class=\"arrow-unsorted-368013\" xmlns=\"http:\/\/www.w3.org\/2000\/svg\" width=\"10px\" height=\"10px\" viewBox=\"0 0 24 24\" version=\"1.2\" baseProfile=\"tiny\"><path d=\"M18.2 9.3l-6.2-6.3-6.2 6.3c-.2.2-.3.4-.3.7s.1.5.3.7c.2.2.4.3.7.3h11c.3 0 .5-.1.7-.3.2-.2.3-.5.3-.7s-.1-.5-.3-.7zM5.8 14.7l6.2 6.3 6.2-6.3c.2-.2.3-.5.3-.7s-.1-.5-.3-.7c-.2-.2-.4-.3-.7-.3h-11c-.3 0-.5.1-.7.3-.2.2-.3.5-.3.7s.1.5.3.7z\"\/><\/svg><\/span><\/span><\/span><\/a><\/span><\/div>\n<nav><ul class='ez-toc-list ez-toc-list-level-1 ' ><li class='ez-toc-page-1 ez-toc-heading-level-2'><a class=\"ez-toc-link ez-toc-heading-1\" href=\"https:\/\/visit.santcugat.cat\/es\/dias-festivos-en-sant-cugat\/#%C2%BFCuales_son_los_dias_festivos_en_Sant_Cugat_2025\" >\u00bfCu\u00e1les son los d\u00edas festivos en Sant Cugat 2025?<\/a><ul class='ez-toc-list-level-3' ><li class='ez-toc-heading-level-3'><a class=\"ez-toc-link ez-toc-heading-2\" href=\"https:\/\/visit.santcugat.cat\/es\/dias-festivos-en-sant-cugat\/#Sant_Medir\" >Sant Medir<\/a><\/li><li class='ez-toc-page-1 ez-toc-heading-level-3'><a class=\"ez-toc-link ez-toc-heading-3\" href=\"https:\/\/visit.santcugat.cat\/es\/dias-festivos-en-sant-cugat\/#Segunda_Pascua\" >Segunda Pascua<\/a><\/li><li class='ez-toc-page-1 ez-toc-heading-level-3'><a class=\"ez-toc-link ez-toc-heading-4\" href=\"https:\/\/visit.santcugat.cat\/es\/dias-festivos-en-sant-cugat\/#Sant_Cebria\" >Sant Cebri\u00e0<\/a><\/li><\/ul><\/li><li class='ez-toc-page-1 ez-toc-heading-level-2'><a class=\"ez-toc-link ez-toc-heading-5\" href=\"https:\/\/visit.santcugat.cat\/es\/dias-festivos-en-sant-cugat\/#El_calendario_laboral_de_Sant_Cugat_2025\" >El calendario laboral de Sant Cugat 2025<\/a><\/li><li class='ez-toc-page-1 ez-toc-heading-level-2'><a class=\"ez-toc-link ez-toc-heading-6\" href=\"https:\/\/visit.santcugat.cat\/es\/dias-festivos-en-sant-cugat\/#Calendario_de_apertura_comercial_en_Sant_Cugat_2025\" >Calendario de apertura comercial en Sant Cugat 2025<\/a><ul class='ez-toc-list-level-3' ><li class='ez-toc-heading-level-3'><a class=\"ez-toc-link ez-toc-heading-7\" href=\"https:\/\/visit.santcugat.cat\/es\/dias-festivos-en-sant-cugat\/#Dias_festivos_con_apertura_comercial_autorizada_en_Cataluna\" >D\u00edas festivos con apertura comercial autorizada en Catalu\u00f1a:<\/a><\/li><\/ul><\/li><\/ul><\/nav><\/div>\n<h2><span class=\"ez-toc-section\" id=\"%C2%BFCuales_son_los_dias_festivos_en_Sant_Cugat_2025\"><\/span>\u00bfCu\u00e1les son los d\u00edas festivos en Sant Cugat 2025?<span class=\"ez-toc-section-end\"><\/span><\/h2>\n<h3><span class=\"ez-toc-section\" id=\"Sant_Medir\"><\/span>Sant Medir<span class=\"ez-toc-section-end\"><\/span><\/h3>\n<p>En 2025, el 3 de marzo ser\u00e1 un lunes festivo en todo el municipio de Sant Cugat y Valldoreix, coincidiendo con la festividad del copatr\u00f3n de la ciudad, Sant Medir.<\/p>\n<h3><span class=\"ez-toc-section\" id=\"Segunda_Pascua\"><\/span>Segunda Pascua<span class=\"ez-toc-section-end\"><\/span><\/h3>\n<p>El lunes 9 de junio ser\u00e1 festivo en todo Sant Cugat. Esta fecha se ha escogido de manera excepcional, ya que Sant Pere, que habitualmente es festivo, cae en domingo en 2025.<\/p>\n<h3><span class=\"ez-toc-section\" id=\"Sant_Cebria\"><\/span>Sant Cebri\u00e0<span class=\"ez-toc-section-end\"><\/span><\/h3>\n<p>En Valldoreix se celebra la festividad de Sant Cebri\u00e0, el patr\u00f3n local. El festivo tendr\u00e1 lugar el martes 16 de septiembre.<\/p>\n<h2><span class=\"ez-toc-section\" id=\"El_calendario_laboral_de_Sant_Cugat_2025\"><\/span>El calendario laboral de Sant Cugat 2025<span class=\"ez-toc-section-end\"><\/span><\/h2>\n<p>Aqu\u00ed tienes la lista completa de d\u00edas festivos para 2025 en Sant Cugat, que incluye tanto los festivos locales como los establecidos por el gobierno catal\u00e1n:<\/p>\n<ul>\n<li>Mi\u00e9rcoles, 1 de enero (A\u00f1o Nuevo)<\/li>\n<li>Lunes, 6 de enero (Reyes)<\/li>\n<li>Lunes, 3 de marzo (Sant Medir, festivo local)<\/li>\n<li>Viernes, 18 de abril (Viernes Santo)<\/li>\n<li>Lunes, 21 de abril (Lunes de Pascua) (Festivo en Catalunya)<\/li>\n<li>Jueves, 1 de mayo (Fiesta del Trabajo)<\/li>\n<li>Lunes, 9 de junio (Segunda Pascua, festivo local)<\/li>\n<li>Martes, 24 de junio (Sant Joan) (Festivo en Catalunya)<\/li>\n<li>Viernes, 15 de agosto (Asunci\u00f3n de la Virgen)<\/li>\n<li>Jueves, 11 de septiembre (Diada Nacional de Catalunya) (Festivo en Catalunya)<\/li>\n<li>Martes, 16 de septiembre (Sant Cebri\u00e0, solo festivo en Valldoreix)<\/li>\n<li>S\u00e1bado, 1 de noviembre (Todos los Santos)<\/li>\n<li>S\u00e1bado, 6 de diciembre (D\u00eda de la Constituci\u00f3n)<\/li>\n<li>Lunes, 8 de diciembre (Inmaculada Concepci\u00f3n)<\/li>\n<li>Jueves, 25 de diciembre (Navidad)<\/li>\n<li>Viernes, 26 de diciembre (Sant Esteba) (Festivo en Catalunya)<\/li>\n<\/ul>\n<h2><span class=\"ez-toc-section\" id=\"Calendario_de_apertura_comercial_en_Sant_Cugat_2025\"><\/span>Calendario de apertura comercial en Sant Cugat 2025<span class=\"ez-toc-section-end\"><\/span><\/h2>\n<p>En el caso del comercio, los establecimientos podr\u00e1n abrir durante los siguientes festivos:<\/p>\n<h3><span class=\"ez-toc-section\" id=\"Dias_festivos_con_apertura_comercial_autorizada_en_Cataluna\"><\/span>D\u00edas festivos con apertura comercial autorizada en Catalu\u00f1a:<span class=\"ez-toc-section-end\"><\/span><\/h3>\n<ul>\n<li>Domingo, 5 de enero<\/li>\n<li>S\u00e1bado, 1 de noviembre<\/li>\n<li>Domingo, 30 de noviembre<\/li>\n<li>S\u00e1bado, 6 de diciembre<\/li>\n<li>Domingo, 7 de diciembre<\/li>\n<li>Domingo, 14 de diciembre<\/li>\n<li>Domingo, 21 de diciembre<\/li>\n<li>Domingo, 28 de diciembre<\/li>\n<\/ul>\n<p>D\u00edas festivos adicionales con apertura autorizada en Sant Cugat del Vall\u00e8s:<\/p>\n<ul>\n<li>Domingo, 12 de enero<\/li>\n<li>Lunes, 8 de diciembre<\/li>\n<\/ul>\n<p>\u00a1Ahora que ya tienes toda la informaci\u00f3n de 2025, planifica tus escapadas y disfruta de cada momento festivo en Sant Cugat!<\/p>\n<p>&nbsp;<\/p>\n<p><img decoding=\"async\" class=\"aligncenter wp-image-3677\" title=\"D\u00edas festivos de Sant Cugat\" src=\"https:\/\/visit.santcugat.cat\/wp-content\/uploads\/2017\/03\/Monestir-de-Sant-Cugat-Vintage-Shopping.jpg\" alt=\"D\u00edas festivos de Sant Cugat\" width=\"864\" height=\"432\" srcset=\"https:\/\/visit.santcugat.cat\/wp-content\/uploads\/2017\/03\/Monestir-de-Sant-Cugat-Vintage-Shopping-200x100.jpg 200w, https:\/\/visit.santcugat.cat\/wp-content\/uploads\/2017\/03\/Monestir-de-Sant-Cugat-Vintage-Shopping-300x150.jpg 300w, https:\/\/visit.santcugat.cat\/wp-content\/uploads\/2017\/03\/Monestir-de-Sant-Cugat-Vintage-Shopping-400x200.jpg 400w, https:\/\/visit.santcugat.cat\/wp-content\/uploads\/2017\/03\/Monestir-de-Sant-Cugat-Vintage-Shopping-500x250.jpg 500w, https:\/\/visit.santcugat.cat\/wp-content\/uploads\/2017\/03\/Monestir-de-Sant-Cugat-Vintage-Shopping-600x300.jpg 600w, https:\/\/visit.santcugat.cat\/wp-content\/uploads\/2017\/03\/Monestir-de-Sant-Cugat-Vintage-Shopping-700x350.jpg 700w, https:\/\/visit.santcugat.cat\/wp-content\/uploads\/2017\/03\/Monestir-de-Sant-Cugat-Vintage-Shopping-768x384.jpg 768w, https:\/\/visit.santcugat.cat\/wp-content\/uploads\/2017\/03\/Monestir-de-Sant-Cugat-Vintage-Shopping-800x400.jpg 800w, https:\/\/visit.santcugat.cat\/wp-content\/uploads\/2017\/03\/Monestir-de-Sant-Cugat-Vintage-Shopping-1024x512.jpg 1024w, https:\/\/visit.santcugat.cat\/wp-content\/uploads\/2017\/03\/Monestir-de-Sant-Cugat-Vintage-Shopping.jpg 1190w\" sizes=\"(max-width: 864px) 100vw, 864px\" \/><\/p>\n<\/div><\/div><\/div><\/div><\/div><div class=\"fusion-fullwidth fullwidth-box fusion-builder-row-2 fusion-flex-container nonhundred-percent-fullwidth non-hundred-percent-height-scrolling\" style=\"--awb-border-radius-top-left:0px;--awb-border-radius-top-right:0px;--awb-border-radius-bottom-right:0px;--awb-border-radius-bottom-left:0px;--awb-flex-wrap:wrap;\" ><\/div><\/p>\n","protected":false},"excerpt":{"rendered":"","protected":false},"author":4,"featured_media":17844,"comment_status":"open","ping_status":"open","sticky":false,"template":"","format":"standard","meta":{"_joinchat":[],"footnotes":""},"categories":[328,290,9,209],"tags":[],"class_list":["post-17811","post","type-post","status-publish","format-standard","has-post-thumbnail","hentry","category-blog-es","category-eventos","category-sin-categorizar","category-para-todos"],"yoast_head":"<!-- This site is optimized with the Yoast SEO plugin v27.4 - https:\/\/yoast.com\/product\/yoast-seo-wordpress\/ -->\n<title>D\u00edas festivos en Sant Cugat 2025 | Visit Sant Cugat<\/title>\n<meta name=\"description\" content=\"Descubre cu\u00e1les ser\u00e1n los d\u00edas festivos en Sant Cugat 2025 para que puedas ir organizando tu agenda i planificar tus salidas.\" \/>\n<meta name=\"robots\" content=\"index, follow, max-snippet:-1, max-image-preview:large, max-video-preview:-1\" \/>\n<link rel=\"canonical\" href=\"https:\/\/visit.santcugat.cat\/es\/dias-festivos-en-sant-cugat\/\" \/>\n<meta property=\"og:locale\" content=\"es_ES\" \/>\n<meta property=\"og:type\" content=\"article\" \/>\n<meta property=\"og:title\" content=\"D\u00edas festivos en Sant Cugat 2025 | Visit Sant Cugat\" \/>\n<meta property=\"og:description\" content=\"Descubre cu\u00e1les ser\u00e1n los d\u00edas festivos en Sant Cugat 2025 para que puedas ir organizando tu agenda i planificar tus salidas.\" \/>\n<meta property=\"og:url\" content=\"https:\/\/visit.santcugat.cat\/es\/dias-festivos-en-sant-cugat\/\" \/>\n<meta property=\"og:site_name\" content=\"Visit Sant Cugat\" \/>\n<meta property=\"article:publisher\" content=\"https:\/\/www.facebook.com\/visitsantcugat\/\" \/>\n<meta property=\"article:published_time\" content=\"2025-02-18T09:26:22+00:00\" \/>\n<meta property=\"article:modified_time\" content=\"2025-03-04T09:07:40+00:00\" \/>\n<meta property=\"og:image\" content=\"https:\/\/visit.santcugat.cat\/wp-content\/uploads\/2019\/02\/33MEDIR-1-1-1.jpg\" \/>\n\t<meta property=\"og:image:width\" content=\"800\" \/>\n\t<meta property=\"og:image:height\" content=\"423\" \/>\n\t<meta property=\"og:image:type\" content=\"image\/jpeg\" \/>\n<meta name=\"author\" content=\"Olga Vilacampa\" \/>\n<meta name=\"twitter:card\" content=\"summary_large_image\" \/>\n<meta name=\"twitter:creator\" content=\"@ajsantcugat\" \/>\n<meta name=\"twitter:site\" content=\"@ajsantcugat\" \/>\n<meta name=\"twitter:label1\" content=\"Escrito por\" \/>\n\t<meta name=\"twitter:data1\" content=\"Olga Vilacampa\" \/>\n\t<meta name=\"twitter:label2\" content=\"Tiempo de lectura\" \/>\n\t<meta name=\"twitter:data2\" content=\"3 minutos\" \/>\n<script type=\"application\/ld+json\" class=\"yoast-schema-graph\">{\"@context\":\"https:\\\/\\\/schema.org\",\"@graph\":[{\"@type\":\"Article\",\"@id\":\"https:\\\/\\\/visit.santcugat.cat\\\/es\\\/dias-festivos-en-sant-cugat\\\/#article\",\"isPartOf\":{\"@id\":\"https:\\\/\\\/visit.santcugat.cat\\\/es\\\/dias-festivos-en-sant-cugat\\\/\"},\"author\":{\"name\":\"Olga Vilacampa\",\"@id\":\"https:\\\/\\\/visit.santcugat.cat\\\/fr\\\/#\\\/schema\\\/person\\\/1acc74ad6888512d7b8ae809c87a99a5\"},\"headline\":\"D\u00edas festivos en Sant Cugat 2025\",\"datePublished\":\"2025-02-18T09:26:22+00:00\",\"dateModified\":\"2025-03-04T09:07:40+00:00\",\"mainEntityOfPage\":{\"@id\":\"https:\\\/\\\/visit.santcugat.cat\\\/es\\\/dias-festivos-en-sant-cugat\\\/\"},\"wordCount\":723,\"commentCount\":0,\"publisher\":{\"@id\":\"https:\\\/\\\/visit.santcugat.cat\\\/fr\\\/#organization\"},\"image\":{\"@id\":\"https:\\\/\\\/visit.santcugat.cat\\\/es\\\/dias-festivos-en-sant-cugat\\\/#primaryimage\"},\"thumbnailUrl\":\"https:\\\/\\\/visit.santcugat.cat\\\/wp-content\\\/uploads\\\/2019\\\/02\\\/33MEDIR-1-1-1.jpg\",\"articleSection\":[\"Blog\",\"Eventos\",\"General\",\"Para todos\"],\"inLanguage\":\"es\",\"potentialAction\":[{\"@type\":\"CommentAction\",\"name\":\"Comment\",\"target\":[\"https:\\\/\\\/visit.santcugat.cat\\\/es\\\/dias-festivos-en-sant-cugat\\\/#respond\"]}]},{\"@type\":\"WebPage\",\"@id\":\"https:\\\/\\\/visit.santcugat.cat\\\/es\\\/dias-festivos-en-sant-cugat\\\/\",\"url\":\"https:\\\/\\\/visit.santcugat.cat\\\/es\\\/dias-festivos-en-sant-cugat\\\/\",\"name\":\"D\u00edas festivos en Sant Cugat 2025 | Visit Sant Cugat\",\"isPartOf\":{\"@id\":\"https:\\\/\\\/visit.santcugat.cat\\\/fr\\\/#website\"},\"primaryImageOfPage\":{\"@id\":\"https:\\\/\\\/visit.santcugat.cat\\\/es\\\/dias-festivos-en-sant-cugat\\\/#primaryimage\"},\"image\":{\"@id\":\"https:\\\/\\\/visit.santcugat.cat\\\/es\\\/dias-festivos-en-sant-cugat\\\/#primaryimage\"},\"thumbnailUrl\":\"https:\\\/\\\/visit.santcugat.cat\\\/wp-content\\\/uploads\\\/2019\\\/02\\\/33MEDIR-1-1-1.jpg\",\"datePublished\":\"2025-02-18T09:26:22+00:00\",\"dateModified\":\"2025-03-04T09:07:40+00:00\",\"description\":\"Descubre cu\u00e1les ser\u00e1n los d\u00edas festivos en Sant Cugat 2025 para que puedas ir organizando tu agenda i planificar tus salidas.\",\"breadcrumb\":{\"@id\":\"https:\\\/\\\/visit.santcugat.cat\\\/es\\\/dias-festivos-en-sant-cugat\\\/#breadcrumb\"},\"inLanguage\":\"es\",\"potentialAction\":[{\"@type\":\"ReadAction\",\"target\":[\"https:\\\/\\\/visit.santcugat.cat\\\/es\\\/dias-festivos-en-sant-cugat\\\/\"]}]},{\"@type\":\"ImageObject\",\"inLanguage\":\"es\",\"@id\":\"https:\\\/\\\/visit.santcugat.cat\\\/es\\\/dias-festivos-en-sant-cugat\\\/#primaryimage\",\"url\":\"https:\\\/\\\/visit.santcugat.cat\\\/wp-content\\\/uploads\\\/2019\\\/02\\\/33MEDIR-1-1-1.jpg\",\"contentUrl\":\"https:\\\/\\\/visit.santcugat.cat\\\/wp-content\\\/uploads\\\/2019\\\/02\\\/33MEDIR-1-1-1.jpg\",\"width\":800,\"height\":423,\"caption\":\"d\u00edas festivos en Sant Cugat 2024\"},{\"@type\":\"BreadcrumbList\",\"@id\":\"https:\\\/\\\/visit.santcugat.cat\\\/es\\\/dias-festivos-en-sant-cugat\\\/#breadcrumb\",\"itemListElement\":[{\"@type\":\"ListItem\",\"position\":1,\"name\":\"Inici\",\"item\":\"https:\\\/\\\/visit.santcugat.cat\\\/es\\\/\"},{\"@type\":\"ListItem\",\"position\":2,\"name\":\"D\u00edas festivos en Sant Cugat 2025\"}]},{\"@type\":\"WebSite\",\"@id\":\"https:\\\/\\\/visit.santcugat.cat\\\/fr\\\/#website\",\"url\":\"https:\\\/\\\/visit.santcugat.cat\\\/fr\\\/\",\"name\":\"Visit Sant Cugat\",\"description\":\"Turisme de Sant Cugat\",\"publisher\":{\"@id\":\"https:\\\/\\\/visit.santcugat.cat\\\/fr\\\/#organization\"},\"potentialAction\":[{\"@type\":\"SearchAction\",\"target\":{\"@type\":\"EntryPoint\",\"urlTemplate\":\"https:\\\/\\\/visit.santcugat.cat\\\/fr\\\/?s={search_term_string}\"},\"query-input\":{\"@type\":\"PropertyValueSpecification\",\"valueRequired\":true,\"valueName\":\"search_term_string\"}}],\"inLanguage\":\"es\"},{\"@type\":\"Organization\",\"@id\":\"https:\\\/\\\/visit.santcugat.cat\\\/fr\\\/#organization\",\"name\":\"Visit Sant Cugat - Turisme de Sant Cugat - Barcelona\",\"url\":\"https:\\\/\\\/visit.santcugat.cat\\\/fr\\\/\",\"logo\":{\"@type\":\"ImageObject\",\"inLanguage\":\"es\",\"@id\":\"https:\\\/\\\/visit.santcugat.cat\\\/fr\\\/#\\\/schema\\\/logo\\\/image\\\/\",\"url\":\"https:\\\/\\\/visit.santcugat.cat\\\/wp-content\\\/uploads\\\/2020\\\/09\\\/logo.png\",\"contentUrl\":\"https:\\\/\\\/visit.santcugat.cat\\\/wp-content\\\/uploads\\\/2020\\\/09\\\/logo.png\",\"width\":200,\"height\":44,\"caption\":\"Visit Sant Cugat - Turisme de Sant Cugat - Barcelona\"},\"image\":{\"@id\":\"https:\\\/\\\/visit.santcugat.cat\\\/fr\\\/#\\\/schema\\\/logo\\\/image\\\/\"},\"sameAs\":[\"https:\\\/\\\/www.facebook.com\\\/visitsantcugat\\\/\",\"https:\\\/\\\/x.com\\\/ajsantcugat\",\"https:\\\/\\\/www.instagram.com\\\/visitsantcugat\\\/\",\"https:\\\/\\\/ca.wikipedia.org\\\/wiki\\\/Sant_Cugat_del_Vall\u00e8s\"]},{\"@type\":\"Person\",\"@id\":\"https:\\\/\\\/visit.santcugat.cat\\\/fr\\\/#\\\/schema\\\/person\\\/1acc74ad6888512d7b8ae809c87a99a5\",\"name\":\"Olga Vilacampa\",\"image\":{\"@type\":\"ImageObject\",\"inLanguage\":\"es\",\"@id\":\"https:\\\/\\\/secure.gravatar.com\\\/avatar\\\/9d2b4b69a47f4da8b4882ab10f1265d69e78e4123898420ce7bb28d053421429?s=96&d=mm&r=g\",\"url\":\"https:\\\/\\\/secure.gravatar.com\\\/avatar\\\/9d2b4b69a47f4da8b4882ab10f1265d69e78e4123898420ce7bb28d053421429?s=96&d=mm&r=g\",\"contentUrl\":\"https:\\\/\\\/secure.gravatar.com\\\/avatar\\\/9d2b4b69a47f4da8b4882ab10f1265d69e78e4123898420ce7bb28d053421429?s=96&d=mm&r=g\",\"caption\":\"Olga Vilacampa\"}}]}<\/script>\n<!-- \/ Yoast SEO plugin. -->","yoast_head_json":{"title":"D\u00edas festivos en Sant Cugat 2025 | Visit Sant Cugat","description":"Descubre cu\u00e1les ser\u00e1n los d\u00edas festivos en Sant Cugat 2025 para que puedas ir organizando tu agenda i planificar tus salidas.","robots":{"index":"index","follow":"follow","max-snippet":"max-snippet:-1","max-image-preview":"max-image-preview:large","max-video-preview":"max-video-preview:-1"},"canonical":"https:\/\/visit.santcugat.cat\/es\/dias-festivos-en-sant-cugat\/","og_locale":"es_ES","og_type":"article","og_title":"D\u00edas festivos en Sant Cugat 2025 | Visit Sant Cugat","og_description":"Descubre cu\u00e1les ser\u00e1n los d\u00edas festivos en Sant Cugat 2025 para que puedas ir organizando tu agenda i planificar tus salidas.","og_url":"https:\/\/visit.santcugat.cat\/es\/dias-festivos-en-sant-cugat\/","og_site_name":"Visit Sant Cugat","article_publisher":"https:\/\/www.facebook.com\/visitsantcugat\/","article_published_time":"2025-02-18T09:26:22+00:00","article_modified_time":"2025-03-04T09:07:40+00:00","og_image":[{"width":800,"height":423,"url":"https:\/\/visit.santcugat.cat\/wp-content\/uploads\/2019\/02\/33MEDIR-1-1-1.jpg","type":"image\/jpeg"}],"author":"Olga Vilacampa","twitter_card":"summary_large_image","twitter_creator":"@ajsantcugat","twitter_site":"@ajsantcugat","twitter_misc":{"Escrito por":"Olga Vilacampa","Tiempo de lectura":"3 minutos"},"schema":{"@context":"https:\/\/schema.org","@graph":[{"@type":"Article","@id":"https:\/\/visit.santcugat.cat\/es\/dias-festivos-en-sant-cugat\/#article","isPartOf":{"@id":"https:\/\/visit.santcugat.cat\/es\/dias-festivos-en-sant-cugat\/"},"author":{"name":"Olga Vilacampa","@id":"https:\/\/visit.santcugat.cat\/fr\/#\/schema\/person\/1acc74ad6888512d7b8ae809c87a99a5"},"headline":"D\u00edas festivos en Sant Cugat 2025","datePublished":"2025-02-18T09:26:22+00:00","dateModified":"2025-03-04T09:07:40+00:00","mainEntityOfPage":{"@id":"https:\/\/visit.santcugat.cat\/es\/dias-festivos-en-sant-cugat\/"},"wordCount":723,"commentCount":0,"publisher":{"@id":"https:\/\/visit.santcugat.cat\/fr\/#organization"},"image":{"@id":"https:\/\/visit.santcugat.cat\/es\/dias-festivos-en-sant-cugat\/#primaryimage"},"thumbnailUrl":"https:\/\/visit.santcugat.cat\/wp-content\/uploads\/2019\/02\/33MEDIR-1-1-1.jpg","articleSection":["Blog","Eventos","General","Para todos"],"inLanguage":"es","potentialAction":[{"@type":"CommentAction","name":"Comment","target":["https:\/\/visit.santcugat.cat\/es\/dias-festivos-en-sant-cugat\/#respond"]}]},{"@type":"WebPage","@id":"https:\/\/visit.santcugat.cat\/es\/dias-festivos-en-sant-cugat\/","url":"https:\/\/visit.santcugat.cat\/es\/dias-festivos-en-sant-cugat\/","name":"D\u00edas festivos en Sant Cugat 2025 | Visit Sant Cugat","isPartOf":{"@id":"https:\/\/visit.santcugat.cat\/fr\/#website"},"primaryImageOfPage":{"@id":"https:\/\/visit.santcugat.cat\/es\/dias-festivos-en-sant-cugat\/#primaryimage"},"image":{"@id":"https:\/\/visit.santcugat.cat\/es\/dias-festivos-en-sant-cugat\/#primaryimage"},"thumbnailUrl":"https:\/\/visit.santcugat.cat\/wp-content\/uploads\/2019\/02\/33MEDIR-1-1-1.jpg","datePublished":"2025-02-18T09:26:22+00:00","dateModified":"2025-03-04T09:07:40+00:00","description":"Descubre cu\u00e1les ser\u00e1n los d\u00edas festivos en Sant Cugat 2025 para que puedas ir organizando tu agenda i planificar tus salidas.","breadcrumb":{"@id":"https:\/\/visit.santcugat.cat\/es\/dias-festivos-en-sant-cugat\/#breadcrumb"},"inLanguage":"es","potentialAction":[{"@type":"ReadAction","target":["https:\/\/visit.santcugat.cat\/es\/dias-festivos-en-sant-cugat\/"]}]},{"@type":"ImageObject","inLanguage":"es","@id":"https:\/\/visit.santcugat.cat\/es\/dias-festivos-en-sant-cugat\/#primaryimage","url":"https:\/\/visit.santcugat.cat\/wp-content\/uploads\/2019\/02\/33MEDIR-1-1-1.jpg","contentUrl":"https:\/\/visit.santcugat.cat\/wp-content\/uploads\/2019\/02\/33MEDIR-1-1-1.jpg","width":800,"height":423,"caption":"d\u00edas festivos en Sant Cugat 2024"},{"@type":"BreadcrumbList","@id":"https:\/\/visit.santcugat.cat\/es\/dias-festivos-en-sant-cugat\/#breadcrumb","itemListElement":[{"@type":"ListItem","position":1,"name":"Inici","item":"https:\/\/visit.santcugat.cat\/es\/"},{"@type":"ListItem","position":2,"name":"D\u00edas festivos en Sant Cugat 2025"}]},{"@type":"WebSite","@id":"https:\/\/visit.santcugat.cat\/fr\/#website","url":"https:\/\/visit.santcugat.cat\/fr\/","name":"Visit Sant Cugat","description":"Turisme de Sant Cugat","publisher":{"@id":"https:\/\/visit.santcugat.cat\/fr\/#organization"},"potentialAction":[{"@type":"SearchAction","target":{"@type":"EntryPoint","urlTemplate":"https:\/\/visit.santcugat.cat\/fr\/?s={search_term_string}"},"query-input":{"@type":"PropertyValueSpecification","valueRequired":true,"valueName":"search_term_string"}}],"inLanguage":"es"},{"@type":"Organization","@id":"https:\/\/visit.santcugat.cat\/fr\/#organization","name":"Visit Sant Cugat - Turisme de Sant Cugat - Barcelona","url":"https:\/\/visit.santcugat.cat\/fr\/","logo":{"@type":"ImageObject","inLanguage":"es","@id":"https:\/\/visit.santcugat.cat\/fr\/#\/schema\/logo\/image\/","url":"https:\/\/visit.santcugat.cat\/wp-content\/uploads\/2020\/09\/logo.png","contentUrl":"https:\/\/visit.santcugat.cat\/wp-content\/uploads\/2020\/09\/logo.png","width":200,"height":44,"caption":"Visit Sant Cugat - Turisme de Sant Cugat - Barcelona"},"image":{"@id":"https:\/\/visit.santcugat.cat\/fr\/#\/schema\/logo\/image\/"},"sameAs":["https:\/\/www.facebook.com\/visitsantcugat\/","https:\/\/x.com\/ajsantcugat","https:\/\/www.instagram.com\/visitsantcugat\/","https:\/\/ca.wikipedia.org\/wiki\/Sant_Cugat_del_Vall\u00e8s"]},{"@type":"Person","@id":"https:\/\/visit.santcugat.cat\/fr\/#\/schema\/person\/1acc74ad6888512d7b8ae809c87a99a5","name":"Olga Vilacampa","image":{"@type":"ImageObject","inLanguage":"es","@id":"https:\/\/secure.gravatar.com\/avatar\/9d2b4b69a47f4da8b4882ab10f1265d69e78e4123898420ce7bb28d053421429?s=96&d=mm&r=g","url":"https:\/\/secure.gravatar.com\/avatar\/9d2b4b69a47f4da8b4882ab10f1265d69e78e4123898420ce7bb28d053421429?s=96&d=mm&r=g","contentUrl":"https:\/\/secure.gravatar.com\/avatar\/9d2b4b69a47f4da8b4882ab10f1265d69e78e4123898420ce7bb28d053421429?s=96&d=mm&r=g","caption":"Olga Vilacampa"}}]}},"_links":{"self":[{"href":"https:\/\/visit.santcugat.cat\/es\/wp-json\/wp\/v2\/posts\/17811","targetHints":{"allow":["GET"]}}],"collection":[{"href":"https:\/\/visit.santcugat.cat\/es\/wp-json\/wp\/v2\/posts"}],"about":[{"href":"https:\/\/visit.santcugat.cat\/es\/wp-json\/wp\/v2\/types\/post"}],"author":[{"embeddable":true,"href":"https:\/\/visit.santcugat.cat\/es\/wp-json\/wp\/v2\/users\/4"}],"replies":[{"embeddable":true,"href":"https:\/\/visit.santcugat.cat\/es\/wp-json\/wp\/v2\/comments?post=17811"}],"version-history":[{"count":5,"href":"https:\/\/visit.santcugat.cat\/es\/wp-json\/wp\/v2\/posts\/17811\/revisions"}],"predecessor-version":[{"id":42295,"href":"https:\/\/visit.santcugat.cat\/es\/wp-json\/wp\/v2\/posts\/17811\/revisions\/42295"}],"wp:featuredmedia":[{"embeddable":true,"href":"https:\/\/visit.santcugat.cat\/es\/wp-json\/wp\/v2\/media\/17844"}],"wp:attachment":[{"href":"https:\/\/visit.santcugat.cat\/es\/wp-json\/wp\/v2\/media?parent=17811"}],"wp:term":[{"taxonomy":"category","embeddable":true,"href":"https:\/\/visit.santcugat.cat\/es\/wp-json\/wp\/v2\/categories?post=17811"},{"taxonomy":"post_tag","embeddable":true,"href":"https:\/\/visit.santcugat.cat\/es\/wp-json\/wp\/v2\/tags?post=17811"}],"curies":[{"name":"wp","href":"https:\/\/api.w.org\/{rel}","templated":true}]}}