{"id":13290,"date":"2018-05-04T08:26:20","date_gmt":"2018-05-04T07:26:20","guid":{"rendered":"https:\/\/visit.santcugat.cat\/?p=13290"},"modified":"2023-12-02T23:42:28","modified_gmt":"2023-12-02T22:42:28","slug":"marilyn-monroe-nueva-exposicion","status":"publish","type":"post","link":"https:\/\/visit.santcugat.cat\/es\/marilyn-monroe-nueva-exposicion\/","title":{"rendered":"VISITAMOS NEW YORK DE LA MANO DE MARILYN MONROE. NUEVA EXPOSICI\u00d3N"},"content":{"rendered":"<div class=\"fusion-fullwidth fullwidth-box fusion-builder-row-1 fusion-flex-container nonhundred-percent-fullwidth non-hundred-percent-height-scrolling\" style=\"--awb-border-radius-top-left:0px;--awb-border-radius-top-right:0px;--awb-border-radius-bottom-right:0px;--awb-border-radius-bottom-left:0px;--awb-flex-wrap:wrap;\" ><div class=\"fusion-builder-row fusion-row fusion-flex-align-items-flex-start fusion-flex-content-wrap\" style=\"max-width:1216.8px;margin-left: calc(-4% \/ 2 );margin-right: calc(-4% \/ 2 );\"><div class=\"fusion-layout-column fusion_builder_column fusion-builder-column-0 fusion_builder_column_1_1 1_1 fusion-flex-column\" style=\"--awb-bg-size:cover;--awb-width-large:100%;--awb-margin-top-large:0px;--awb-spacing-right-large:1.92%;--awb-margin-bottom-large:0px;--awb-spacing-left-large:1.92%;--awb-width-medium:100%;--awb-spacing-right-medium:1.92%;--awb-spacing-left-medium:1.92%;--awb-width-small:100%;--awb-spacing-right-small:1.92%;--awb-spacing-left-small:1.92%;\"><div class=\"fusion-column-wrapper fusion-flex-justify-content-flex-start fusion-content-layout-column\"><div class=\"fusion-text fusion-text-1\"><div id=\"ez-toc-container\" class=\"ez-toc-v2_0_80 counter-hierarchy ez-toc-counter ez-toc-grey ez-toc-container-direction\">\n<div class=\"ez-toc-title-container\">\n<p class=\"ez-toc-title\" style=\"cursor:inherit\"><\/p>\n<span class=\"ez-toc-title-toggle\"><a href=\"#\" class=\"ez-toc-pull-right ez-toc-btn ez-toc-btn-xs ez-toc-btn-default ez-toc-toggle\" aria-label=\"Alternar tabla de contenidos\"><span class=\"ez-toc-js-icon-con\"><span class=\"\"><span class=\"eztoc-hide\" style=\"display:none;\">Toggle<\/span><span class=\"ez-toc-icon-toggle-span\"><svg style=\"fill: #999;color:#999\" xmlns=\"http:\/\/www.w3.org\/2000\/svg\" class=\"list-377408\" width=\"20px\" height=\"20px\" viewBox=\"0 0 24 24\" fill=\"none\"><path d=\"M6 6H4v2h2V6zm14 0H8v2h12V6zM4 11h2v2H4v-2zm16 0H8v2h12v-2zM4 16h2v2H4v-2zm16 0H8v2h12v-2z\" fill=\"currentColor\"><\/path><\/svg><svg style=\"fill: #999;color:#999\" class=\"arrow-unsorted-368013\" xmlns=\"http:\/\/www.w3.org\/2000\/svg\" width=\"10px\" height=\"10px\" viewBox=\"0 0 24 24\" version=\"1.2\" baseProfile=\"tiny\"><path d=\"M18.2 9.3l-6.2-6.3-6.2 6.3c-.2.2-.3.4-.3.7s.1.5.3.7c.2.2.4.3.7.3h11c.3 0 .5-.1.7-.3.2-.2.3-.5.3-.7s-.1-.5-.3-.7zM5.8 14.7l6.2 6.3 6.2-6.3c.2-.2.3-.5.3-.7s-.1-.5-.3-.7c-.2-.2-.4-.3-.7-.3h-11c-.3 0-.5.1-.7.3-.2.2-.3.5-.3.7s.1.5.3.7z\"\/><\/svg><\/span><\/span><\/span><\/a><\/span><\/div>\n<nav><ul class='ez-toc-list ez-toc-list-level-1 ' ><li class='ez-toc-page-1 ez-toc-heading-level-2'><a class=\"ez-toc-link ez-toc-heading-1\" href=\"https:\/\/visit.santcugat.cat\/es\/marilyn-monroe-nueva-exposicion\/#Marilyn_in_New_York_Side_by_Side_Nueva_exposicion\" >Marilyn in New York. Side by Side. Nueva exposici\u00f3n<\/a><\/li><li class='ez-toc-page-1 ez-toc-heading-level-2'><a class=\"ez-toc-link ez-toc-heading-2\" href=\"https:\/\/visit.santcugat.cat\/es\/marilyn-monroe-nueva-exposicion\/#Visitas_guiadas_por_el_experto_Frederic_Cabanas\" >Visitas guiadas por el experto Frederic Cabanas<\/a><\/li><li class='ez-toc-page-1 ez-toc-heading-level-2'><a class=\"ez-toc-link ez-toc-heading-3\" href=\"https:\/\/visit.santcugat.cat\/es\/marilyn-monroe-nueva-exposicion\/#Informacion_de_utilidad_para_ver_la_exposicion_de_Marilyn_Monroe\" >Informaci\u00f3n de utilidad para ver la exposici\u00f3n de Marilyn Monroe<\/a><ul class='ez-toc-list-level-3' ><li class='ez-toc-heading-level-3'><a class=\"ez-toc-link ez-toc-heading-4\" href=\"https:\/\/visit.santcugat.cat\/es\/marilyn-monroe-nueva-exposicion\/#Reserva_tu_entrada\" >Reserva tu entrada<\/a><\/li><\/ul><\/li><\/ul><\/nav><\/div>\n<h2><span class=\"ez-toc-section\" id=\"Marilyn_in_New_York_Side_by_Side_Nueva_exposicion\"><\/span><strong>Marilyn in New York. Side by Side. Nueva exposici\u00f3n<\/strong><span class=\"ez-toc-section-end\"><\/span><\/h2>\n<p><span style=\"font-weight: 400;\">A partir del s\u00e1bado 5 de mayo hasta el 9 de septiembre podremos hacer un recorrido fotogr\u00e1fico por el New York de la m\u00edtica actriz Marilyn Monroe. Gracias al tes\u00f3n del artista Frederic Cabanas, uno de los m\u00e1s reconocidos estudiosos a nivel internacional de Marilyn, que ha dise\u00f1ado esta <strong>exposici\u00f3n \u00fanica<\/strong> titulada <em><strong>Marilyn in New York. Side by Side<\/strong><\/em>. Conoceremos la ciudad de los rascacielos a trav\u00e9s de los lugares que le gustaba frecuentar a Marilyn Monroe, aquellos rincones que ella consideraba especiales. A trav\u00e9s de esta exposici\u00f3n podremos darnos cuenta de la evoluci\u00f3n de la ciudad que vivi\u00f3 Marilyn y de la actual New York. Una relaci\u00f3n de amor entre una gran metr\u00f3poli y una artista m\u00edtica.<\/span><\/p>\n<p><img decoding=\"async\" class=\"aligncenter wp-image-13298 size-full\" title=\"marilyn monroe exposicion museo hay alfarero\" src=\"https:\/\/visit.santcugat.cat\/wp-content\/uploads\/2018\/05\/marilyn-monroe-exposicion-museo-Cal-gerrer.jpg\" alt=\"marilyn monroe exposicion \" width=\"600\" height=\"750\" srcset=\"https:\/\/visit.santcugat.cat\/wp-content\/uploads\/2018\/05\/marilyn-monroe-exposicion-museo-Cal-gerrer-200x250.jpg 200w, https:\/\/visit.santcugat.cat\/wp-content\/uploads\/2018\/05\/marilyn-monroe-exposicion-museo-Cal-gerrer-240x300.jpg 240w, https:\/\/visit.santcugat.cat\/wp-content\/uploads\/2018\/05\/marilyn-monroe-exposicion-museo-Cal-gerrer-400x500.jpg 400w, https:\/\/visit.santcugat.cat\/wp-content\/uploads\/2018\/05\/marilyn-monroe-exposicion-museo-Cal-gerrer-500x625.jpg 500w, https:\/\/visit.santcugat.cat\/wp-content\/uploads\/2018\/05\/marilyn-monroe-exposicion-museo-Cal-gerrer.jpg 600w\" sizes=\"(max-width: 600px) 100vw, 600px\" \/><\/p>\n<p><span style=\"font-weight: 400;\"><strong>La exposici\u00f3n temporal la podemos disfrutar en la<a href=\"http:\/\/fundaciocabanas.org\/es\/\" target=\"_blank\" rel=\"nofollow noopener noreferrer\"> Casa Museu &#8211; Cal Gerrer<\/a><\/strong> situada en pleno centro de Sant Cugat, al lado del Monasterio de Sant Cugat. \u00a0La Casa Museo alberga durante todo el a\u00f1o una sala dedicada a Marilyn Monroe, en la que se repasa su biograf\u00eda a trav\u00e9s de sus objetos personales y fotograf\u00edas m\u00edticas. \u00a0Tambi\u00e9n podremos ver la <strong>biblioteca m\u00e1s importante del mundo dedicada a Marilyn Monroe<\/strong>, ya que recoge un total de 2.000 publicaciones.<\/span><\/p>\n<h2><span class=\"ez-toc-section\" id=\"Visitas_guiadas_por_el_experto_Frederic_Cabanas\"><\/span>Visitas guiadas por el experto Frederic Cabanas<span class=\"ez-toc-section-end\"><\/span><\/h2>\n<p>Los domingos 20 de mayo y 15 de julio, a las 12 h, se realizar\u00e1n visitas comentadas de la mano del experto Frederic Cabanas. No os las pod\u00e9is perder, ya que que disfrutar\u00e9is de uno de los mayores conocedores de la vida de Marilyn\u00a0Monroe, todo un privilegio.<\/p>\n<p>Estas visitas tienen un precio de 8 \u20ac (4 \u20ac para los Amigos del Museo de Hace falta\u00a0Gerrer),<\/p>\n<h2><span class=\"ez-toc-section\" id=\"Informacion_de_utilidad_para_ver_la_exposicion_de_Marilyn_Monroe\"><\/span>Informaci\u00f3n de utilidad para ver la exposici\u00f3n de Marilyn Monroe<span class=\"ez-toc-section-end\"><\/span><\/h2>\n<p><strong>Fechas\u200b<\/strong>: a partir del 5 de mayo.<br \/>\nProyecciones del film de Frederic\u00a0Cabanas\u00a0<em>New York, vestigios de Marilyn<\/em>. S\u00e1bados, 12 de mayo, 30 de junio y 14 de julio a las 19 h. La entrada es libre.<br \/>\n<strong>Lugar\u200b<\/strong>: calle Santiago Rusi\u00f1ol, 60 (en la plaza d\u2019Octavi\u00e0, conocida tambi\u00e9n como la plaza del Monasterio de Sant Cugat)<br \/>\n<strong>Tel\u00e9fono<\/strong>: \u200b93 544 18 34<br \/>\n<strong>Horario de verano (mayo \u2013 septiembre)<\/strong>:<br \/>\nDe martes a viernes: de 10.30 a 14 h y de 17 a 20 h<br \/>\nS\u00e1bados: de 10.30 h a 15 h y de 17 h a 20.30 h<br \/>\nDomingos y festivos: de 10.30h a 15 h \u200b<br \/>\n<strong>Precio:\u200b<\/strong><br \/>\nTarifa general: 6 \u20ac<br \/>\nTarifa para santcugatenses: 5 \u20ac<br \/>\nTarifa de grupos (de 6 o m\u00e1s personas): 4 \u20ac c.u.<br \/>\nTarifa reducida: 4 \u20ac (ni\u00f1os entre 5 y 12 a\u00f1os, pensionistas y minusv\u00e1lidos)<br \/>\n<strong>Web: <a href=\"http:\/\/fundaciocabanas.org\/\" target=\"_blank\" rel=\"nofollow noopener noreferrer\">fundaciocabanas.org<\/a><\/strong><\/p>\n<h3><a href=\"https:\/\/visit.santcugat.cat\/es\/reservas\/\"><strong>Reserva tu entrada<\/strong><\/a><\/h3>\n<\/div><\/div><\/div><\/div><\/div>\n","protected":false},"excerpt":{"rendered":"","protected":false},"author":4,"featured_media":13305,"comment_status":"open","ping_status":"open","sticky":false,"template":"","format":"standard","meta":{"_joinchat":[],"footnotes":""},"categories":[213,290,209],"tags":[],"class_list":["post-13290","post","type-post","status-publish","format-standard","has-post-thumbnail","hentry","category-cultura-y-ocio","category-eventos","category-para-todos"],"yoast_head":"<!-- This site is optimized with the Yoast SEO plugin v27.4 - https:\/\/yoast.com\/product\/yoast-seo-wordpress\/ -->\n<title>New York de la mano de Marilyn Monroe. Nueva exposici\u00f3n<\/title>\n<meta name=\"description\" content=\"Exposici\u00f3n de Marilyn Monroe en la Casa Museu Cal Gerrer. Recorrido fotogr\u00e1fico por el New York de Marilyn realizado por Frederic Cabanas.\" \/>\n<meta name=\"robots\" content=\"index, follow, max-snippet:-1, max-image-preview:large, max-video-preview:-1\" \/>\n<link rel=\"canonical\" href=\"https:\/\/visit.santcugat.cat\/es\/marilyn-monroe-nueva-exposicion\/\" \/>\n<meta property=\"og:locale\" content=\"es_ES\" \/>\n<meta property=\"og:type\" content=\"article\" \/>\n<meta property=\"og:title\" content=\"New York de la mano de Marilyn Monroe. Nueva exposici\u00f3n\" \/>\n<meta property=\"og:description\" content=\"Exposici\u00f3n de Marilyn Monroe en la Casa Museu Cal Gerrer. Recorrido fotogr\u00e1fico por el New York de Marilyn realizado por Frederic Cabanas.\" \/>\n<meta property=\"og:url\" content=\"https:\/\/visit.santcugat.cat\/es\/marilyn-monroe-nueva-exposicion\/\" \/>\n<meta property=\"og:site_name\" content=\"Visit Sant Cugat\" \/>\n<meta property=\"article:publisher\" content=\"https:\/\/www.facebook.com\/visitsantcugat\/\" \/>\n<meta property=\"article:published_time\" content=\"2018-05-04T07:26:20+00:00\" \/>\n<meta property=\"article:modified_time\" content=\"2023-12-02T22:42:28+00:00\" \/>\n<meta property=\"og:image\" content=\"https:\/\/visit.santcugat.cat\/wp-content\/uploads\/2018\/05\/fundacio-cabanas-museu-cal-gerrer-marilyn-monroe-gallery05-e1525271680734.jpg\" \/>\n\t<meta property=\"og:image:width\" content=\"799\" \/>\n\t<meta property=\"og:image:height\" content=\"422\" \/>\n\t<meta property=\"og:image:type\" content=\"image\/jpeg\" \/>\n<meta name=\"author\" content=\"Olga Vilacampa\" \/>\n<meta name=\"twitter:card\" content=\"summary_large_image\" \/>\n<meta name=\"twitter:creator\" content=\"@ajsantcugat\" \/>\n<meta name=\"twitter:site\" content=\"@ajsantcugat\" \/>\n<meta name=\"twitter:label1\" content=\"Escrito por\" \/>\n\t<meta name=\"twitter:data1\" content=\"Olga Vilacampa\" \/>\n\t<meta name=\"twitter:label2\" content=\"Tiempo de lectura\" \/>\n\t<meta name=\"twitter:data2\" content=\"3 minutos\" \/>\n<script type=\"application\/ld+json\" class=\"yoast-schema-graph\">{\"@context\":\"https:\\\/\\\/schema.org\",\"@graph\":[{\"@type\":\"Article\",\"@id\":\"https:\\\/\\\/visit.santcugat.cat\\\/es\\\/marilyn-monroe-nueva-exposicion\\\/#article\",\"isPartOf\":{\"@id\":\"https:\\\/\\\/visit.santcugat.cat\\\/es\\\/marilyn-monroe-nueva-exposicion\\\/\"},\"author\":{\"name\":\"Olga Vilacampa\",\"@id\":\"https:\\\/\\\/visit.santcugat.cat\\\/fr\\\/#\\\/schema\\\/person\\\/1acc74ad6888512d7b8ae809c87a99a5\"},\"headline\":\"VISITAMOS NEW YORK DE LA MANO DE MARILYN MONROE. NUEVA EXPOSICI\u00d3N\",\"datePublished\":\"2018-05-04T07:26:20+00:00\",\"dateModified\":\"2023-12-02T22:42:28+00:00\",\"mainEntityOfPage\":{\"@id\":\"https:\\\/\\\/visit.santcugat.cat\\\/es\\\/marilyn-monroe-nueva-exposicion\\\/\"},\"wordCount\":692,\"commentCount\":0,\"publisher\":{\"@id\":\"https:\\\/\\\/visit.santcugat.cat\\\/fr\\\/#organization\"},\"image\":{\"@id\":\"https:\\\/\\\/visit.santcugat.cat\\\/es\\\/marilyn-monroe-nueva-exposicion\\\/#primaryimage\"},\"thumbnailUrl\":\"https:\\\/\\\/visit.santcugat.cat\\\/wp-content\\\/uploads\\\/2018\\\/05\\\/fundacio-cabanas-museu-cal-gerrer-marilyn-monroe-gallery05-e1525271680734.jpg\",\"articleSection\":[\"Cultura y ocio\",\"Eventos\",\"Para todos\"],\"inLanguage\":\"es\",\"potentialAction\":[{\"@type\":\"CommentAction\",\"name\":\"Comment\",\"target\":[\"https:\\\/\\\/visit.santcugat.cat\\\/es\\\/marilyn-monroe-nueva-exposicion\\\/#respond\"]}]},{\"@type\":\"WebPage\",\"@id\":\"https:\\\/\\\/visit.santcugat.cat\\\/es\\\/marilyn-monroe-nueva-exposicion\\\/\",\"url\":\"https:\\\/\\\/visit.santcugat.cat\\\/es\\\/marilyn-monroe-nueva-exposicion\\\/\",\"name\":\"New York de la mano de Marilyn Monroe. Nueva exposici\u00f3n\",\"isPartOf\":{\"@id\":\"https:\\\/\\\/visit.santcugat.cat\\\/fr\\\/#website\"},\"primaryImageOfPage\":{\"@id\":\"https:\\\/\\\/visit.santcugat.cat\\\/es\\\/marilyn-monroe-nueva-exposicion\\\/#primaryimage\"},\"image\":{\"@id\":\"https:\\\/\\\/visit.santcugat.cat\\\/es\\\/marilyn-monroe-nueva-exposicion\\\/#primaryimage\"},\"thumbnailUrl\":\"https:\\\/\\\/visit.santcugat.cat\\\/wp-content\\\/uploads\\\/2018\\\/05\\\/fundacio-cabanas-museu-cal-gerrer-marilyn-monroe-gallery05-e1525271680734.jpg\",\"datePublished\":\"2018-05-04T07:26:20+00:00\",\"dateModified\":\"2023-12-02T22:42:28+00:00\",\"description\":\"Exposici\u00f3n de Marilyn Monroe en la Casa Museu Cal Gerrer. Recorrido fotogr\u00e1fico por el New York de Marilyn realizado por Frederic Cabanas.\",\"breadcrumb\":{\"@id\":\"https:\\\/\\\/visit.santcugat.cat\\\/es\\\/marilyn-monroe-nueva-exposicion\\\/#breadcrumb\"},\"inLanguage\":\"es\",\"potentialAction\":[{\"@type\":\"ReadAction\",\"target\":[\"https:\\\/\\\/visit.santcugat.cat\\\/es\\\/marilyn-monroe-nueva-exposicion\\\/\"]}]},{\"@type\":\"ImageObject\",\"inLanguage\":\"es\",\"@id\":\"https:\\\/\\\/visit.santcugat.cat\\\/es\\\/marilyn-monroe-nueva-exposicion\\\/#primaryimage\",\"url\":\"https:\\\/\\\/visit.santcugat.cat\\\/wp-content\\\/uploads\\\/2018\\\/05\\\/fundacio-cabanas-museu-cal-gerrer-marilyn-monroe-gallery05-e1525271680734.jpg\",\"contentUrl\":\"https:\\\/\\\/visit.santcugat.cat\\\/wp-content\\\/uploads\\\/2018\\\/05\\\/fundacio-cabanas-museu-cal-gerrer-marilyn-monroe-gallery05-e1525271680734.jpg\",\"width\":799,\"height\":422,\"caption\":\"New York de la mano de Marilyn Monroe. Nueva exposici\u00f3n\"},{\"@type\":\"BreadcrumbList\",\"@id\":\"https:\\\/\\\/visit.santcugat.cat\\\/es\\\/marilyn-monroe-nueva-exposicion\\\/#breadcrumb\",\"itemListElement\":[{\"@type\":\"ListItem\",\"position\":1,\"name\":\"Inici\",\"item\":\"https:\\\/\\\/visit.santcugat.cat\\\/es\\\/\"},{\"@type\":\"ListItem\",\"position\":2,\"name\":\"VISITAMOS NEW YORK DE LA MANO DE MARILYN MONROE. NUEVA EXPOSICI\u00d3N\"}]},{\"@type\":\"WebSite\",\"@id\":\"https:\\\/\\\/visit.santcugat.cat\\\/fr\\\/#website\",\"url\":\"https:\\\/\\\/visit.santcugat.cat\\\/fr\\\/\",\"name\":\"Visit Sant Cugat\",\"description\":\"Turisme de Sant Cugat\",\"publisher\":{\"@id\":\"https:\\\/\\\/visit.santcugat.cat\\\/fr\\\/#organization\"},\"potentialAction\":[{\"@type\":\"SearchAction\",\"target\":{\"@type\":\"EntryPoint\",\"urlTemplate\":\"https:\\\/\\\/visit.santcugat.cat\\\/fr\\\/?s={search_term_string}\"},\"query-input\":{\"@type\":\"PropertyValueSpecification\",\"valueRequired\":true,\"valueName\":\"search_term_string\"}}],\"inLanguage\":\"es\"},{\"@type\":\"Organization\",\"@id\":\"https:\\\/\\\/visit.santcugat.cat\\\/fr\\\/#organization\",\"name\":\"Visit Sant Cugat - Turisme de Sant Cugat - Barcelona\",\"url\":\"https:\\\/\\\/visit.santcugat.cat\\\/fr\\\/\",\"logo\":{\"@type\":\"ImageObject\",\"inLanguage\":\"es\",\"@id\":\"https:\\\/\\\/visit.santcugat.cat\\\/fr\\\/#\\\/schema\\\/logo\\\/image\\\/\",\"url\":\"https:\\\/\\\/visit.santcugat.cat\\\/wp-content\\\/uploads\\\/2020\\\/09\\\/logo.png\",\"contentUrl\":\"https:\\\/\\\/visit.santcugat.cat\\\/wp-content\\\/uploads\\\/2020\\\/09\\\/logo.png\",\"width\":200,\"height\":44,\"caption\":\"Visit Sant Cugat - Turisme de Sant Cugat - Barcelona\"},\"image\":{\"@id\":\"https:\\\/\\\/visit.santcugat.cat\\\/fr\\\/#\\\/schema\\\/logo\\\/image\\\/\"},\"sameAs\":[\"https:\\\/\\\/www.facebook.com\\\/visitsantcugat\\\/\",\"https:\\\/\\\/x.com\\\/ajsantcugat\",\"https:\\\/\\\/www.instagram.com\\\/visitsantcugat\\\/\",\"https:\\\/\\\/ca.wikipedia.org\\\/wiki\\\/Sant_Cugat_del_Vall\u00e8s\"]},{\"@type\":\"Person\",\"@id\":\"https:\\\/\\\/visit.santcugat.cat\\\/fr\\\/#\\\/schema\\\/person\\\/1acc74ad6888512d7b8ae809c87a99a5\",\"name\":\"Olga Vilacampa\",\"image\":{\"@type\":\"ImageObject\",\"inLanguage\":\"es\",\"@id\":\"https:\\\/\\\/secure.gravatar.com\\\/avatar\\\/9d2b4b69a47f4da8b4882ab10f1265d69e78e4123898420ce7bb28d053421429?s=96&d=mm&r=g\",\"url\":\"https:\\\/\\\/secure.gravatar.com\\\/avatar\\\/9d2b4b69a47f4da8b4882ab10f1265d69e78e4123898420ce7bb28d053421429?s=96&d=mm&r=g\",\"contentUrl\":\"https:\\\/\\\/secure.gravatar.com\\\/avatar\\\/9d2b4b69a47f4da8b4882ab10f1265d69e78e4123898420ce7bb28d053421429?s=96&d=mm&r=g\",\"caption\":\"Olga Vilacampa\"}}]}<\/script>\n<!-- \/ Yoast SEO plugin. -->","yoast_head_json":{"title":"New York de la mano de Marilyn Monroe. Nueva exposici\u00f3n","description":"Exposici\u00f3n de Marilyn Monroe en la Casa Museu Cal Gerrer. Recorrido fotogr\u00e1fico por el New York de Marilyn realizado por Frederic Cabanas.","robots":{"index":"index","follow":"follow","max-snippet":"max-snippet:-1","max-image-preview":"max-image-preview:large","max-video-preview":"max-video-preview:-1"},"canonical":"https:\/\/visit.santcugat.cat\/es\/marilyn-monroe-nueva-exposicion\/","og_locale":"es_ES","og_type":"article","og_title":"New York de la mano de Marilyn Monroe. Nueva exposici\u00f3n","og_description":"Exposici\u00f3n de Marilyn Monroe en la Casa Museu Cal Gerrer. Recorrido fotogr\u00e1fico por el New York de Marilyn realizado por Frederic Cabanas.","og_url":"https:\/\/visit.santcugat.cat\/es\/marilyn-monroe-nueva-exposicion\/","og_site_name":"Visit Sant Cugat","article_publisher":"https:\/\/www.facebook.com\/visitsantcugat\/","article_published_time":"2018-05-04T07:26:20+00:00","article_modified_time":"2023-12-02T22:42:28+00:00","og_image":[{"width":799,"height":422,"url":"https:\/\/visit.santcugat.cat\/wp-content\/uploads\/2018\/05\/fundacio-cabanas-museu-cal-gerrer-marilyn-monroe-gallery05-e1525271680734.jpg","type":"image\/jpeg"}],"author":"Olga Vilacampa","twitter_card":"summary_large_image","twitter_creator":"@ajsantcugat","twitter_site":"@ajsantcugat","twitter_misc":{"Escrito por":"Olga Vilacampa","Tiempo de lectura":"3 minutos"},"schema":{"@context":"https:\/\/schema.org","@graph":[{"@type":"Article","@id":"https:\/\/visit.santcugat.cat\/es\/marilyn-monroe-nueva-exposicion\/#article","isPartOf":{"@id":"https:\/\/visit.santcugat.cat\/es\/marilyn-monroe-nueva-exposicion\/"},"author":{"name":"Olga Vilacampa","@id":"https:\/\/visit.santcugat.cat\/fr\/#\/schema\/person\/1acc74ad6888512d7b8ae809c87a99a5"},"headline":"VISITAMOS NEW YORK DE LA MANO DE MARILYN MONROE. NUEVA EXPOSICI\u00d3N","datePublished":"2018-05-04T07:26:20+00:00","dateModified":"2023-12-02T22:42:28+00:00","mainEntityOfPage":{"@id":"https:\/\/visit.santcugat.cat\/es\/marilyn-monroe-nueva-exposicion\/"},"wordCount":692,"commentCount":0,"publisher":{"@id":"https:\/\/visit.santcugat.cat\/fr\/#organization"},"image":{"@id":"https:\/\/visit.santcugat.cat\/es\/marilyn-monroe-nueva-exposicion\/#primaryimage"},"thumbnailUrl":"https:\/\/visit.santcugat.cat\/wp-content\/uploads\/2018\/05\/fundacio-cabanas-museu-cal-gerrer-marilyn-monroe-gallery05-e1525271680734.jpg","articleSection":["Cultura y ocio","Eventos","Para todos"],"inLanguage":"es","potentialAction":[{"@type":"CommentAction","name":"Comment","target":["https:\/\/visit.santcugat.cat\/es\/marilyn-monroe-nueva-exposicion\/#respond"]}]},{"@type":"WebPage","@id":"https:\/\/visit.santcugat.cat\/es\/marilyn-monroe-nueva-exposicion\/","url":"https:\/\/visit.santcugat.cat\/es\/marilyn-monroe-nueva-exposicion\/","name":"New York de la mano de Marilyn Monroe. Nueva exposici\u00f3n","isPartOf":{"@id":"https:\/\/visit.santcugat.cat\/fr\/#website"},"primaryImageOfPage":{"@id":"https:\/\/visit.santcugat.cat\/es\/marilyn-monroe-nueva-exposicion\/#primaryimage"},"image":{"@id":"https:\/\/visit.santcugat.cat\/es\/marilyn-monroe-nueva-exposicion\/#primaryimage"},"thumbnailUrl":"https:\/\/visit.santcugat.cat\/wp-content\/uploads\/2018\/05\/fundacio-cabanas-museu-cal-gerrer-marilyn-monroe-gallery05-e1525271680734.jpg","datePublished":"2018-05-04T07:26:20+00:00","dateModified":"2023-12-02T22:42:28+00:00","description":"Exposici\u00f3n de Marilyn Monroe en la Casa Museu Cal Gerrer. Recorrido fotogr\u00e1fico por el New York de Marilyn realizado por Frederic Cabanas.","breadcrumb":{"@id":"https:\/\/visit.santcugat.cat\/es\/marilyn-monroe-nueva-exposicion\/#breadcrumb"},"inLanguage":"es","potentialAction":[{"@type":"ReadAction","target":["https:\/\/visit.santcugat.cat\/es\/marilyn-monroe-nueva-exposicion\/"]}]},{"@type":"ImageObject","inLanguage":"es","@id":"https:\/\/visit.santcugat.cat\/es\/marilyn-monroe-nueva-exposicion\/#primaryimage","url":"https:\/\/visit.santcugat.cat\/wp-content\/uploads\/2018\/05\/fundacio-cabanas-museu-cal-gerrer-marilyn-monroe-gallery05-e1525271680734.jpg","contentUrl":"https:\/\/visit.santcugat.cat\/wp-content\/uploads\/2018\/05\/fundacio-cabanas-museu-cal-gerrer-marilyn-monroe-gallery05-e1525271680734.jpg","width":799,"height":422,"caption":"New York de la mano de Marilyn Monroe. Nueva exposici\u00f3n"},{"@type":"BreadcrumbList","@id":"https:\/\/visit.santcugat.cat\/es\/marilyn-monroe-nueva-exposicion\/#breadcrumb","itemListElement":[{"@type":"ListItem","position":1,"name":"Inici","item":"https:\/\/visit.santcugat.cat\/es\/"},{"@type":"ListItem","position":2,"name":"VISITAMOS NEW YORK DE LA MANO DE MARILYN MONROE. NUEVA EXPOSICI\u00d3N"}]},{"@type":"WebSite","@id":"https:\/\/visit.santcugat.cat\/fr\/#website","url":"https:\/\/visit.santcugat.cat\/fr\/","name":"Visit Sant Cugat","description":"Turisme de Sant Cugat","publisher":{"@id":"https:\/\/visit.santcugat.cat\/fr\/#organization"},"potentialAction":[{"@type":"SearchAction","target":{"@type":"EntryPoint","urlTemplate":"https:\/\/visit.santcugat.cat\/fr\/?s={search_term_string}"},"query-input":{"@type":"PropertyValueSpecification","valueRequired":true,"valueName":"search_term_string"}}],"inLanguage":"es"},{"@type":"Organization","@id":"https:\/\/visit.santcugat.cat\/fr\/#organization","name":"Visit Sant Cugat - Turisme de Sant Cugat - Barcelona","url":"https:\/\/visit.santcugat.cat\/fr\/","logo":{"@type":"ImageObject","inLanguage":"es","@id":"https:\/\/visit.santcugat.cat\/fr\/#\/schema\/logo\/image\/","url":"https:\/\/visit.santcugat.cat\/wp-content\/uploads\/2020\/09\/logo.png","contentUrl":"https:\/\/visit.santcugat.cat\/wp-content\/uploads\/2020\/09\/logo.png","width":200,"height":44,"caption":"Visit Sant Cugat - Turisme de Sant Cugat - Barcelona"},"image":{"@id":"https:\/\/visit.santcugat.cat\/fr\/#\/schema\/logo\/image\/"},"sameAs":["https:\/\/www.facebook.com\/visitsantcugat\/","https:\/\/x.com\/ajsantcugat","https:\/\/www.instagram.com\/visitsantcugat\/","https:\/\/ca.wikipedia.org\/wiki\/Sant_Cugat_del_Vall\u00e8s"]},{"@type":"Person","@id":"https:\/\/visit.santcugat.cat\/fr\/#\/schema\/person\/1acc74ad6888512d7b8ae809c87a99a5","name":"Olga Vilacampa","image":{"@type":"ImageObject","inLanguage":"es","@id":"https:\/\/secure.gravatar.com\/avatar\/9d2b4b69a47f4da8b4882ab10f1265d69e78e4123898420ce7bb28d053421429?s=96&d=mm&r=g","url":"https:\/\/secure.gravatar.com\/avatar\/9d2b4b69a47f4da8b4882ab10f1265d69e78e4123898420ce7bb28d053421429?s=96&d=mm&r=g","contentUrl":"https:\/\/secure.gravatar.com\/avatar\/9d2b4b69a47f4da8b4882ab10f1265d69e78e4123898420ce7bb28d053421429?s=96&d=mm&r=g","caption":"Olga Vilacampa"}}]}},"_links":{"self":[{"href":"https:\/\/visit.santcugat.cat\/es\/wp-json\/wp\/v2\/posts\/13290","targetHints":{"allow":["GET"]}}],"collection":[{"href":"https:\/\/visit.santcugat.cat\/es\/wp-json\/wp\/v2\/posts"}],"about":[{"href":"https:\/\/visit.santcugat.cat\/es\/wp-json\/wp\/v2\/types\/post"}],"author":[{"embeddable":true,"href":"https:\/\/visit.santcugat.cat\/es\/wp-json\/wp\/v2\/users\/4"}],"replies":[{"embeddable":true,"href":"https:\/\/visit.santcugat.cat\/es\/wp-json\/wp\/v2\/comments?post=13290"}],"version-history":[{"count":5,"href":"https:\/\/visit.santcugat.cat\/es\/wp-json\/wp\/v2\/posts\/13290\/revisions"}],"predecessor-version":[{"id":39047,"href":"https:\/\/visit.santcugat.cat\/es\/wp-json\/wp\/v2\/posts\/13290\/revisions\/39047"}],"wp:featuredmedia":[{"embeddable":true,"href":"https:\/\/visit.santcugat.cat\/es\/wp-json\/wp\/v2\/media\/13305"}],"wp:attachment":[{"href":"https:\/\/visit.santcugat.cat\/es\/wp-json\/wp\/v2\/media?parent=13290"}],"wp:term":[{"taxonomy":"category","embeddable":true,"href":"https:\/\/visit.santcugat.cat\/es\/wp-json\/wp\/v2\/categories?post=13290"},{"taxonomy":"post_tag","embeddable":true,"href":"https:\/\/visit.santcugat.cat\/es\/wp-json\/wp\/v2\/tags?post=13290"}],"curies":[{"name":"wp","href":"https:\/\/api.w.org\/{rel}","templated":true}]}}